{"id":601,"date":"2016-10-15T13:25:07","date_gmt":"2016-10-15T11:25:07","guid":{"rendered":"http:\/\/gruene-lk-ks.de\/baunatal\/?p=601"},"modified":"2016-10-15T13:25:07","modified_gmt":"2016-10-15T11:25:07","slug":"nobert-kraft-ehrenbuerger-der-stadt-baunatal","status":"publish","type":"post","link":"http:\/\/gruene-lk-ks.de\/baunatal\/nobert-kraft-ehrenbuerger-der-stadt-baunatal\/","title":{"rendered":"Nobert Kraft Ehrenb\u00fcrger der Stadt Baunatal"},"content":{"rendered":"<p style=\"text-align: right\">11. Okt. 2016<\/p>\n<h5>Nobert Kraft Ehrenb\u00fcrger der Stadt Baunatal<\/h5>\n<p>Am 19. September w\u00fcrde unser Mitglied Nobert Kraft nach einstimmigem Beschluss der Stadtverordnetenversammlung von B\u00fcrgermeister Manfred Schaub im Rahmen einer Feierstunde in der Stadthalle zum Ehrenb\u00fcrger der Stadt Baunatal ernannt. Er war dreizehn Jahre Mitglied der Baunataler Stadtverordnetenversammlung (1993 &#8211; 2001 und 2006 &#8211; 2011), bis 2011 Fraktionsvorsitzender von B\u00fcndnis 90\/Die Gr\u00fcnen. Von 1987 &#8211; 1989 sowie von 2001 &#8211; 2006 war er Magistratsmitglied. Norbert Kraft geh\u00f6rte dem im Haupt- und Finanzausschuss (1993 &#8211; 2001) sowie verschiedenen Kommissionen, so war er bis M\u00e4rz 2016 Mitglied der Agrarkommission. Au\u00dferdem war er Mitglied in der Projektgruppe \u201eAm obersten Heimbach\u201c, der Arbeitsgruppen Vrchlabi und Sangerhausen, im Arbeitskreis Entwicklungsma\u00dfnahmen Innenstadt sowie im Beirat City-Management.<\/p>\n<div id=\"attachment_602\" class=\"wp-caption alignright\" style=\"width: 500px\"><a class=\"fancybox\" rel=\"gallery601\" href=\"http:\/\/gruene-lk-ks.de\/baunatal\/files\/2016\/10\/IMG_04611.jpg\" rel=\"attachment wp-att-602\"><img loading=\"lazy\" class=\"wp-image-602\" src=\"http:\/\/gruene-lk-ks.de\/baunatal\/files\/2016\/10\/IMG_04611-800x600.jpg\" alt=\"Gratulationscour bei Nobert Kraft\" width=\"500\" height=\"375\" srcset=\"http:\/\/gruene-lk-ks.de\/baunatal\/files\/2016\/10\/IMG_04611-800x600.jpg 800w, http:\/\/gruene-lk-ks.de\/baunatal\/files\/2016\/10\/IMG_04611-400x300.jpg 400w, http:\/\/gruene-lk-ks.de\/baunatal\/files\/2016\/10\/IMG_04611-768x576.jpg 768w, http:\/\/gruene-lk-ks.de\/baunatal\/files\/2016\/10\/IMG_04611-150x113.jpg 150w\" sizes=\"(max-width: 500px) 100vw, 500px\" \/><\/a><p class=\"wp-caption-text\">Gratulationscour bei Nobert Kraft<\/p><\/div>\n<p>2012 wurde er f\u00fcr seine 30-j\u00e4hrige Mitgliedschaft bei den Gr\u00fcnen als einer der Gr\u00fcnderv\u00e4ter der Partei geehrt. \u201eGr\u00fcn wirkt und heute kann keine Partei mehr ohne die \u00f6kologische Komponente Politik machen, nicht einmal die Baunataler SPD\u201c so das Res\u00fcmee des Gr\u00fcnen der ersten Stunde.<br \/>\nDer gelernte Dreher und pensionierte Berufsschullehrer verabschiedet sich aus der aktiven Kommunalpolitik, bleibt aber weiter gesellschaftspolitisch und ehrenamtlich aktiv.<\/p>\n<p>Der Stadtverordnete Lothar Rost und Stadtrat J\u00fcrgen B\u00f6hme \u00fcberbrachten die Gl\u00fcckw\u00fcnsche des Ortsverbandes. Wir gratulieren Nobert Kraft zu der Ehrung und freuen uns \u00fcber die Anerkennung seiner jahrzehntelangen T\u00e4tigkeit zum Wohle der Stadt Baunatal und seiner B\u00fcrger.<\/p>\n","protected":false},"excerpt":{"rendered":"<p>11. Okt. 2016 Nobert Kraft Ehrenb\u00fcrger der Stadt Baunatal Am 19. September w\u00fcrde unser Mitglied Nobert Kraft nach einstimmigem Beschluss der Stadtverordnetenversammlung von B\u00fcrgermeister Manfred Schaub im Rahmen einer Feierstunde&#8230; <\/p>\n","protected":false},"author":6,"featured_media":0,"comment_status":"open","ping_status":"open","sticky":false,"template":"","format":"standard","meta":{"ngg_post_thumbnail":0},"categories":[1],"tags":[],"_links":{"self":[{"href":"http:\/\/gruene-lk-ks.de\/baunatal\/wp-json\/wp\/v2\/posts\/601"}],"collection":[{"href":"http:\/\/gruene-lk-ks.de\/baunatal\/wp-json\/wp\/v2\/posts"}],"about":[{"href":"http:\/\/gruene-lk-ks.de\/baunatal\/wp-json\/wp\/v2\/types\/post"}],"author":[{"embeddable":true,"href":"http:\/\/gruene-lk-ks.de\/baunatal\/wp-json\/wp\/v2\/users\/6"}],"replies":[{"embeddable":true,"href":"http:\/\/gruene-lk-ks.de\/baunatal\/wp-json\/wp\/v2\/comments?post=601"}],"version-history":[{"count":1,"href":"http:\/\/gruene-lk-ks.de\/baunatal\/wp-json\/wp\/v2\/posts\/601\/revisions"}],"predecessor-version":[{"id":603,"href":"http:\/\/gruene-lk-ks.de\/baunatal\/wp-json\/wp\/v2\/posts\/601\/revisions\/603"}],"wp:attachment":[{"href":"http:\/\/gruene-lk-ks.de\/baunatal\/wp-json\/wp\/v2\/media?parent=601"}],"wp:term":[{"taxonomy":"category","embeddable":true,"href":"http:\/\/gruene-lk-ks.de\/baunatal\/wp-json\/wp\/v2\/categories?post=601"},{"taxonomy":"post_tag","embeddable":true,"href":"http:\/\/gruene-lk-ks.de\/baunatal\/wp-json\/wp\/v2\/tags?post=601"}],"curies":[{"name":"wp","href":"https:\/\/api.w.org\/{rel}","templated":true}]}}