{"id":605,"date":"2016-10-25T10:45:02","date_gmt":"2016-10-25T08:45:02","guid":{"rendered":"http:\/\/gruene-lk-ks.de\/baunatal\/?p=605"},"modified":"2016-10-25T10:45:02","modified_gmt":"2016-10-25T08:45:02","slug":"gruene-besuchen-ak-senioren-feierstunde","status":"publish","type":"post","link":"http:\/\/gruene-lk-ks.de\/baunatal\/gruene-besuchen-ak-senioren-feierstunde\/","title":{"rendered":"GR\u00dcNE besuchen AK-Senioren Feierstunde"},"content":{"rendered":"<p class=\"Standard1\" style=\"text-align: right\"><span style=\"font-size: 12.0pt;line-height: 115%\">24.10.16<\/span><\/p>\n<p><strong>GR\u00dcNE besuchen AK-Senioren Feierstunde<\/strong><\/p>\n<div id=\"attachment_606\" class=\"wp-caption alignright\" style=\"width: 333px\"><a class=\"fancybox\" rel=\"gallery605\" href=\"http:\/\/gruene-lk-ks.de\/baunatal\/files\/2016\/10\/IMG_1723-e1477384893451.jpg\" rel=\"attachment wp-att-606\"><img loading=\"lazy\" class=\"wp-image-606\" src=\"http:\/\/gruene-lk-ks.de\/baunatal\/files\/2016\/10\/IMG_1723-e1477384893451-800x1200.jpg\" alt=\"BAGSO-Vorsitzender Franz M\u00fcntefering als Festredner in Aktion\" width=\"333\" height=\"500\" srcset=\"http:\/\/gruene-lk-ks.de\/baunatal\/files\/2016\/10\/IMG_1723-e1477384893451-800x1200.jpg 800w, http:\/\/gruene-lk-ks.de\/baunatal\/files\/2016\/10\/IMG_1723-e1477384893451-400x600.jpg 400w, http:\/\/gruene-lk-ks.de\/baunatal\/files\/2016\/10\/IMG_1723-e1477384893451-768x1152.jpg 768w, http:\/\/gruene-lk-ks.de\/baunatal\/files\/2016\/10\/IMG_1723-e1477384893451-100x150.jpg 100w\" sizes=\"(max-width: 333px) 100vw, 333px\" \/><\/a><p class=\"wp-caption-text\">BAGSO-Vorsitzender Franz M\u00fcntefering als Festredner in Aktion<\/p><\/div>\n<p>Der Fraktionsvorsitzende der GR\u00dcNEN Baunatal Edmund Borschel und sein Stellvertreter Lothar Rost besuchten die Feierstunde zum 25-j\u00e4hrigen Jubil\u00e4um des Seniorenarbeitskreises der Stadt Baunatal im Stadtverordnetensitzungsaal. Neben der Ausstellung im Foyer zu verschiedenen Tr\u00e4gern im Bereich der Altenpflege wie ASB, AWO, Diakonie, Gertrudenstift sowie Angeboten f\u00fcr Senioren im Alltagsleben stand der Vortrag von <strong>Franz M\u00fcntefering<\/strong> als Festredner im Mittelpunkt des Nachmittags. Der ehemalige SPD-Bundespolitiker ist aktuell u.a. Vorsitzender der BAGSO (Bundesarbeitsgemeinschaft der Senioren-Organisationen).<\/p>\n<p>Mit unterhaltsamen und teilweise launigen Worten philosophierte der 76-j\u00e4hrige Gast aus dem Westf\u00e4lischen \u00fcber das \u201c\u00c4lter werden in dieser Zeit\u201c. Nie zuvor war die \u00dc70-Generation so agil und gesund, was sich auch im Anstieg der Lebenserwartungen und dem kontinuierlich steigenden Altersdurchschnitt bei M\u00e4nnern und Frauen widerspiegelt. Eine seiner Lebensweisheiten orientiert sich daher an den\u00a0 <strong>3 L: Laufen, Lernen, Lachen!<\/strong> Dann brauchen wir auch keine Angst vor dem Altern zu haben, denn Bewegungsarmut, Langeweile und Missmut schaden bekanntlich K\u00f6rper und Geist. Ebenso appellierte er an alle Anwesenden mehr soziale Kontakte im Alter zu pflegen, sei es bei der Verabredung zu gemeinsamen Mittagessen (statt nur \u201cEssen auf R\u00e4dern\u201c), Spazierg\u00e4ngen oder Spielenachmittagen, unter Beachtung des Mottos: Wer rastet &#8211; der rostet!<\/p>\n<div id=\"attachment_607\" class=\"wp-caption alignleft\" style=\"width: 500px\"><a class=\"fancybox\" rel=\"gallery605\" href=\"http:\/\/gruene-lk-ks.de\/baunatal\/files\/2016\/10\/IMG_1730.jpg\" rel=\"attachment wp-att-607\"><img loading=\"lazy\" class=\"wp-image-607\" src=\"http:\/\/gruene-lk-ks.de\/baunatal\/files\/2016\/10\/IMG_1730-800x533.jpg\" alt=\"Franz M\u00fcntefering (Mitte) im Kreis von Profis und GR\u00dcNEN Ehrenamtlichen\" width=\"500\" height=\"333\" srcset=\"http:\/\/gruene-lk-ks.de\/baunatal\/files\/2016\/10\/IMG_1730-800x533.jpg 800w, http:\/\/gruene-lk-ks.de\/baunatal\/files\/2016\/10\/IMG_1730-400x267.jpg 400w, http:\/\/gruene-lk-ks.de\/baunatal\/files\/2016\/10\/IMG_1730-768x512.jpg 768w, http:\/\/gruene-lk-ks.de\/baunatal\/files\/2016\/10\/IMG_1730-150x100.jpg 150w\" sizes=\"(max-width: 500px) 100vw, 500px\" \/><\/a><p class=\"wp-caption-text\">Franz M\u00fcntefering (Mitte) im Kreis von Profis und GR\u00dcNEN Ehrenamtlichen<\/p><\/div>\n<p>Nach dem Festakt bestand auch die M\u00f6glichkeit zu einem pers\u00f6nlichen Gedankenaustausch mit dem volksnahen Referenten. Dies nutzten auch die beiden GR\u00dcNEN Stadtverordneten, verbunden mit einem Erinnerungsfoto gemeinsam mit Bianka P\u00f6tter, vom AWO-Quartiermanagement \u201cAm Stadtpark\u201c und der ASB-Kundenbetreuerin Britta L\u00f6ber, sowie Hans-Joachim Botthof vom Senioren AK.<\/p>\n","protected":false},"excerpt":{"rendered":"<p>24.10.16 GR\u00dcNE besuchen AK-Senioren Feierstunde Der Fraktionsvorsitzende der GR\u00dcNEN Baunatal Edmund Borschel und sein Stellvertreter Lothar Rost besuchten die Feierstunde zum 25-j\u00e4hrigen Jubil\u00e4um des Seniorenarbeitskreises der Stadt Baunatal im Stadtverordnetensitzungsaal&#8230;. <\/p>\n","protected":false},"author":6,"featured_media":607,"comment_status":"open","ping_status":"open","sticky":false,"template":"","format":"standard","meta":{"ngg_post_thumbnail":0},"categories":[1],"tags":[],"_links":{"self":[{"href":"http:\/\/gruene-lk-ks.de\/baunatal\/wp-json\/wp\/v2\/posts\/605"}],"collection":[{"href":"http:\/\/gruene-lk-ks.de\/baunatal\/wp-json\/wp\/v2\/posts"}],"about":[{"href":"http:\/\/gruene-lk-ks.de\/baunatal\/wp-json\/wp\/v2\/types\/post"}],"author":[{"embeddable":true,"href":"http:\/\/gruene-lk-ks.de\/baunatal\/wp-json\/wp\/v2\/users\/6"}],"replies":[{"embeddable":true,"href":"http:\/\/gruene-lk-ks.de\/baunatal\/wp-json\/wp\/v2\/comments?post=605"}],"version-history":[{"count":1,"href":"http:\/\/gruene-lk-ks.de\/baunatal\/wp-json\/wp\/v2\/posts\/605\/revisions"}],"predecessor-version":[{"id":608,"href":"http:\/\/gruene-lk-ks.de\/baunatal\/wp-json\/wp\/v2\/posts\/605\/revisions\/608"}],"wp:featuredmedia":[{"embeddable":true,"href":"http:\/\/gruene-lk-ks.de\/baunatal\/wp-json\/wp\/v2\/media\/607"}],"wp:attachment":[{"href":"http:\/\/gruene-lk-ks.de\/baunatal\/wp-json\/wp\/v2\/media?parent=605"}],"wp:term":[{"taxonomy":"category","embeddable":true,"href":"http:\/\/gruene-lk-ks.de\/baunatal\/wp-json\/wp\/v2\/categories?post=605"},{"taxonomy":"post_tag","embeddable":true,"href":"http:\/\/gruene-lk-ks.de\/baunatal\/wp-json\/wp\/v2\/tags?post=605"}],"curies":[{"name":"wp","href":"https:\/\/api.w.org\/{rel}","templated":true}]}}