{"id":612,"date":"2016-11-12T00:24:17","date_gmt":"2016-11-11T22:24:17","guid":{"rendered":"http:\/\/gruene-lk-ks.de\/baunatal\/?p=612"},"modified":"2016-11-12T00:24:17","modified_gmt":"2016-11-11T22:24:17","slug":"gruene-begleiten-einweihung-vom-feuerwehr-stuetzpunkt-altenbauna","status":"publish","type":"post","link":"http:\/\/gruene-lk-ks.de\/baunatal\/gruene-begleiten-einweihung-vom-feuerwehr-stuetzpunkt-altenbauna\/","title":{"rendered":"GR\u00dcNE begleiten Einweihung vom Feuerwehr-St\u00fctzpunkt Altenbauna"},"content":{"rendered":"<p class=\"Standard1\" style=\"text-align: right\">9. Nov. 2016<\/p>\n<p class=\"Standard1\"><b><span style=\"font-size: 14.0pt;line-height: 115%;font-family: 'Times New Roman'\">GR\u00dcNE begleiten Einweihung vom Feuerwehr-St\u00fctzpunkt Altenbauna<\/span><\/b><\/p>\n<p class=\"Standard1\"><span style=\"font-size: 12.0pt;line-height: 115%;font-family: 'Times New Roman'\">Stadtrat J\u00fcrgen B\u00f6hme, der Fraktionsvorsitzende der GR\u00dcNEN Baunatal Edmund Borschel, sein Stellvertreter Lothar Rost und die Stadtverordnete Stefanie Braun besuchten die feierliche Einweihung und \u00dcbergabe des modernisierten und umgebauten Feuerwehr-St\u00fctzpunkts in Altenbauna an die Baunataler Feuerwehr. Parallel dazu konnten 50 Jahre Freiwillige Feuerwehr Baunatal gefeiert werden. Mit Zusch\u00fcssen vom Land Hessen und dem Landkreis Kassel flossen insgesamt ca. 4,3 Mio. EURO in den Umbau, so dass dieser zentrale St\u00fctzpunkt mit dem modernsten Equipment ausgestattet wurde, wie einer neu konzipierten Atemschutzstrecke und Werkstatt mit Schlauchanlage, damit ein optimaler Brandschutz in Baunatal gew\u00e4hrleistet ist. Der neue Stadtbrandinspektor Ralf Seitz dankte w\u00e4hrend der Feier auch seinen Kamerad*innen sowie deren Wehrf\u00fchrer Heiko Wicke, dass an diesem Standort eine Vielzahl engagierter Feuerwehrleute ihren Dienst zum Wohl und der Sicherheit unserer B\u00fcrger*innen versehen.<\/span><\/p>\n<div id=\"attachment_613\" class=\"wp-caption aligncenter\" style=\"width: 333px\"><a class=\"fancybox\" rel=\"gallery612\" href=\"http:\/\/gruene-lk-ks.de\/baunatal\/files\/2016\/11\/IMG_1739.jpg\" rel=\"attachment wp-att-613\"><img loading=\"lazy\" class=\"wp-image-613\" src=\"http:\/\/gruene-lk-ks.de\/baunatal\/files\/2016\/11\/IMG_1739-800x533.jpg\" alt=\"Freude bei den GR\u00dcNEN Mandatstr\u00e4gern \u00fcber das Umweltschutzfahrzug der Feuerwehr\" width=\"333\" height=\"222\" srcset=\"http:\/\/gruene-lk-ks.de\/baunatal\/files\/2016\/11\/IMG_1739-800x533.jpg 800w, http:\/\/gruene-lk-ks.de\/baunatal\/files\/2016\/11\/IMG_1739-400x267.jpg 400w, http:\/\/gruene-lk-ks.de\/baunatal\/files\/2016\/11\/IMG_1739-768x512.jpg 768w, http:\/\/gruene-lk-ks.de\/baunatal\/files\/2016\/11\/IMG_1739-150x100.jpg 150w\" sizes=\"(max-width: 333px) 100vw, 333px\" \/><\/a><p class=\"wp-caption-text\">Freude bei den GR\u00dcNEN Mandatstr\u00e4gern \u00fcber das Umweltschutzfahrzug der Feuerwehr<\/p><\/div>\n<p class=\"Standard1\"><span style=\"font-size: 12.0pt;line-height: 115%;font-family: 'Times New Roman'\">Bei dem anschlie\u00dfenden Rundgang durch die Fahrzeughallen und Dienstr\u00e4ume konnten die GR\u00dcNEN Mandatstr\u00e4ger sich von der Funktionalit\u00e4t der R\u00e4umlichkeiten \u00fcberzeugen. Erfreut waren sie auch, dass sich nach der Bauma\u00dfnahme die Parksituation in der Umgebung etwas entspannt hat, wie Anwohner in einem Gespr\u00e4ch vor Ort berichteten.<\/span><\/p>\n","protected":false},"excerpt":{"rendered":"<p>9. Nov. 2016 GR\u00dcNE begleiten Einweihung vom Feuerwehr-St\u00fctzpunkt Altenbauna Stadtrat J\u00fcrgen B\u00f6hme, der Fraktionsvorsitzende der GR\u00dcNEN Baunatal Edmund Borschel, sein Stellvertreter Lothar Rost und die Stadtverordnete Stefanie Braun besuchten die&#8230; <\/p>\n","protected":false},"author":6,"featured_media":613,"comment_status":"open","ping_status":"open","sticky":false,"template":"","format":"standard","meta":{"ngg_post_thumbnail":0},"categories":[1],"tags":[],"_links":{"self":[{"href":"http:\/\/gruene-lk-ks.de\/baunatal\/wp-json\/wp\/v2\/posts\/612"}],"collection":[{"href":"http:\/\/gruene-lk-ks.de\/baunatal\/wp-json\/wp\/v2\/posts"}],"about":[{"href":"http:\/\/gruene-lk-ks.de\/baunatal\/wp-json\/wp\/v2\/types\/post"}],"author":[{"embeddable":true,"href":"http:\/\/gruene-lk-ks.de\/baunatal\/wp-json\/wp\/v2\/users\/6"}],"replies":[{"embeddable":true,"href":"http:\/\/gruene-lk-ks.de\/baunatal\/wp-json\/wp\/v2\/comments?post=612"}],"version-history":[{"count":1,"href":"http:\/\/gruene-lk-ks.de\/baunatal\/wp-json\/wp\/v2\/posts\/612\/revisions"}],"predecessor-version":[{"id":614,"href":"http:\/\/gruene-lk-ks.de\/baunatal\/wp-json\/wp\/v2\/posts\/612\/revisions\/614"}],"wp:featuredmedia":[{"embeddable":true,"href":"http:\/\/gruene-lk-ks.de\/baunatal\/wp-json\/wp\/v2\/media\/613"}],"wp:attachment":[{"href":"http:\/\/gruene-lk-ks.de\/baunatal\/wp-json\/wp\/v2\/media?parent=612"}],"wp:term":[{"taxonomy":"category","embeddable":true,"href":"http:\/\/gruene-lk-ks.de\/baunatal\/wp-json\/wp\/v2\/categories?post=612"},{"taxonomy":"post_tag","embeddable":true,"href":"http:\/\/gruene-lk-ks.de\/baunatal\/wp-json\/wp\/v2\/tags?post=612"}],"curies":[{"name":"wp","href":"https:\/\/api.w.org\/{rel}","templated":true}]}}