{"id":632,"date":"2016-11-21T12:58:59","date_gmt":"2016-11-21T10:58:59","guid":{"rendered":"http:\/\/gruene-lk-ks.de\/baunatal\/?p=632"},"modified":"2016-11-21T12:58:59","modified_gmt":"2016-11-21T10:58:59","slug":"gruene-gratulieren-der-kita-kleine-maulwuerfe","status":"publish","type":"post","link":"http:\/\/gruene-lk-ks.de\/baunatal\/gruene-gratulieren-der-kita-kleine-maulwuerfe\/","title":{"rendered":"GR\u00dcNE gratulieren der Kita \u201cKleine Maulw\u00fcrfe\u201c"},"content":{"rendered":"<p class=\"Standard1\" style=\"text-align: right\">21. Nov. 2016<\/p>\n<p class=\"Standard1\"><b><span style=\"font-size: 14.0pt;line-height: 115%;font-family: 'Times New Roman'\">GR\u00dcNE gratulieren der Kita \u201cKleine Maulw\u00fcrfe\u201c<\/span><\/b><\/p>\n<div id=\"attachment_633\" class=\"wp-caption alignright\" style=\"width: 333px\"><a class=\"fancybox\" rel=\"gallery632\" href=\"http:\/\/gruene-lk-ks.de\/baunatal\/files\/2016\/11\/IMG_1970.jpg\"><img loading=\"lazy\" class=\"wp-image-633\" src=\"http:\/\/gruene-lk-ks.de\/baunatal\/files\/2016\/11\/IMG_1970-800x533.jpg\" alt=\"Martin Mittelbach dankt den Kita-Leiterinnen und ihrem Team f\u00fcr ihren Einsatz\" width=\"333\" height=\"222\" srcset=\"http:\/\/gruene-lk-ks.de\/baunatal\/files\/2016\/11\/IMG_1970-800x533.jpg 800w, http:\/\/gruene-lk-ks.de\/baunatal\/files\/2016\/11\/IMG_1970-400x267.jpg 400w, http:\/\/gruene-lk-ks.de\/baunatal\/files\/2016\/11\/IMG_1970-768x512.jpg 768w, http:\/\/gruene-lk-ks.de\/baunatal\/files\/2016\/11\/IMG_1970-150x100.jpg 150w\" sizes=\"(max-width: 333px) 100vw, 333px\" \/><\/a><p class=\"wp-caption-text\">Martin Mittelbach dankt den Kita-Leiterinnen und ihrem Team f\u00fcr ihren Einsatz<\/p><\/div>\n<p class=\"Standard1\"><span style=\"font-size: 12.0pt;line-height: 115%;font-family: 'Times New Roman'\">Eine lebendige und bunte Feier erlebten die zahlreichen Besucher*innen, unter ihnen die GR\u00dcNEN Stadtverordneten Edmund Borschel und Lothar Rost, bei der offiziellen \u00dcbergabe der neuen Kindertagesst\u00e4tte \u201cKleine Maulw\u00fcrfe\u201c mit altersgemischten Gruppen am Gertrudenstift in Gro\u00dfenritte.<\/span><\/p>\n<p class=\"Standard1\"><span style=\"font-size: 12.0pt;line-height: 115%;font-family: 'Times New Roman'\">Dichtgedr\u00e4ngt standen und sa\u00dfen Besucher bei der Einweihung des harmonisch in die Landschaft eingef\u00fcgten Geb\u00e4udes, welches durch seine Kubatur sicherlich auch zur Namensgebung der dreigruppigen Kita beigetragen hat. Nach der Begr\u00fc\u00dfung durch den Gesch\u00e4ftsf\u00fchrer Martin Mittelbach und mehreren Gru\u00dfworten, u.a. durch B\u00fcrgermeister Manfred Schaub, wurden die kleinen Maulwurf-Kinder, von Altbischof Dr. Diethard Roth mit christlichen und lustigen Worten (\u201cBM Schaub ist der Ober-Maulwurf\u201c) auf besondere Weise pers\u00f6nlich in die Feier eingebunden. Anschlie\u00dfend wurden alle Mitarbeiterinnen, die Kinder und die Kita von Pfarrer J\u00fcrgen Schmidt gesegnet. Nach der Blumen\u00fcbergabe der Kinder an ihre Erzieherinnen und Liedern, die zum Mitsingen einluden, konnten alle G\u00e4ste die Gruppenr\u00e4ume in Augenschein nehmen bzw. das gemeinsame Mittagessen genie\u00dfen.<\/span><\/p>\n<p class=\"Standard1\"><span style=\"font-size: 12.0pt;line-height: 115%;font-family: 'Times New Roman'\">Der Fraktionsvorsitzende der GR\u00dcNEN Baunatal Edmund Borschel und sein Stellvertreter Lothar Rost haben sich seit den ersten \u00dcberlegungen und Planung der Einrichtung durch den Ev.-Luth. Gertrudenstift e.V. in der Stavo aktiv f\u00fcr den Standort und den Tr\u00e4ger eingesetzt.<\/span><\/p>\n<div id=\"attachment_634\" class=\"wp-caption alignright\" style=\"width: 333px\"><a class=\"fancybox\" rel=\"gallery632\" href=\"http:\/\/gruene-lk-ks.de\/baunatal\/files\/2016\/11\/IMG_1973.jpg\"><img loading=\"lazy\" class=\"wp-image-634\" src=\"http:\/\/gruene-lk-ks.de\/baunatal\/files\/2016\/11\/IMG_1973-800x533.jpg\" alt=\"Blumen\u00fcbergabe durch die Kinder an die Erzieherinnen\" width=\"333\" height=\"222\" srcset=\"http:\/\/gruene-lk-ks.de\/baunatal\/files\/2016\/11\/IMG_1973-800x533.jpg 800w, http:\/\/gruene-lk-ks.de\/baunatal\/files\/2016\/11\/IMG_1973-400x267.jpg 400w, http:\/\/gruene-lk-ks.de\/baunatal\/files\/2016\/11\/IMG_1973-768x512.jpg 768w, http:\/\/gruene-lk-ks.de\/baunatal\/files\/2016\/11\/IMG_1973-150x100.jpg 150w\" sizes=\"(max-width: 333px) 100vw, 333px\" \/><\/a><p class=\"wp-caption-text\">Blumen\u00fcbergabe durch die Kinder an die Erzieherinnen<\/p><\/div>\n<p class=\"Standard1\"><span style=\"font-size: 12.0pt;line-height: 115%;font-family: 'Times New Roman'\">Bereits vor der offiziellen Einweihung konnten sich der GR\u00dcNE Stadtrat J\u00fcrgen B\u00f6hme und Lothar Rost bei einem Ortstermin im September und einem Gespr\u00e4ch mit den <b>Leiterinnen der Kita, Ulrike Vernaleken und Corinna Wege<\/b>, vom Konzept der p\u00e4dagogischen Arbeit und der Qualit\u00e4t des Geb\u00e4udes einen pers\u00f6nlichen Eindruck verschaffen.<\/span><\/p>\n<p class=\"Standard1\"><span style=\"font-size: 12.0pt;line-height: 115%;font-family: 'Times New Roman'\">Wir w\u00fcnschen allen Erzieherinnen viel Freude bei der wertvollen Arbeit mit den Kleinsten in unserer Gemeinde. Dank geht an den Tr\u00e4ger der Einrichtung, da neben der Vielzahl der Kitas in st\u00e4dtischer Hand nun auch ein freier Tr\u00e4ger in diesem Segment ein Angebot unterbreitet, was f\u00fcr manche Eltern eine Bereicherung darstellt. Gratulation auch f\u00fcr diesen attraktiven Standort, da in den vergangenen Jahren in die neuen Baugebiete in Gro\u00dfenritte eine Vielzahl junger Familien eingezogen ist und in diesem Stadtteil Bedarf an Kita-Pl\u00e4tzen besteht.<\/span><\/p>\n<p class=\"Standard1\"><span style=\"font-size: 12.0pt;line-height: 115%;font-family: 'Times New Roman'\">Wir freuen uns, dass nach mehr als 15 Jahren unsere damalige <b>GR\u00dcNE Idee der geb\u00fchrenfreien Kitapl\u00e4tze f\u00fcr Baunatal <\/b>immer noch ein Erfolgsmodell ist, welches auch zur Attraktivit\u00e4t Baunatals als Wohnort in der Region und stabilen Einwohnerzahlen beitr\u00e4gt.<\/span><\/p>\n","protected":false},"excerpt":{"rendered":"<p>21. Nov. 2016 GR\u00dcNE gratulieren der Kita \u201cKleine Maulw\u00fcrfe\u201c Eine lebendige und bunte Feier erlebten die zahlreichen Besucher*innen, unter ihnen die GR\u00dcNEN Stadtverordneten Edmund Borschel und Lothar Rost, bei der&#8230; <\/p>\n","protected":false},"author":6,"featured_media":634,"comment_status":"open","ping_status":"open","sticky":false,"template":"","format":"standard","meta":{"ngg_post_thumbnail":0},"categories":[1],"tags":[],"_links":{"self":[{"href":"http:\/\/gruene-lk-ks.de\/baunatal\/wp-json\/wp\/v2\/posts\/632"}],"collection":[{"href":"http:\/\/gruene-lk-ks.de\/baunatal\/wp-json\/wp\/v2\/posts"}],"about":[{"href":"http:\/\/gruene-lk-ks.de\/baunatal\/wp-json\/wp\/v2\/types\/post"}],"author":[{"embeddable":true,"href":"http:\/\/gruene-lk-ks.de\/baunatal\/wp-json\/wp\/v2\/users\/6"}],"replies":[{"embeddable":true,"href":"http:\/\/gruene-lk-ks.de\/baunatal\/wp-json\/wp\/v2\/comments?post=632"}],"version-history":[{"count":1,"href":"http:\/\/gruene-lk-ks.de\/baunatal\/wp-json\/wp\/v2\/posts\/632\/revisions"}],"predecessor-version":[{"id":635,"href":"http:\/\/gruene-lk-ks.de\/baunatal\/wp-json\/wp\/v2\/posts\/632\/revisions\/635"}],"wp:featuredmedia":[{"embeddable":true,"href":"http:\/\/gruene-lk-ks.de\/baunatal\/wp-json\/wp\/v2\/media\/634"}],"wp:attachment":[{"href":"http:\/\/gruene-lk-ks.de\/baunatal\/wp-json\/wp\/v2\/media?parent=632"}],"wp:term":[{"taxonomy":"category","embeddable":true,"href":"http:\/\/gruene-lk-ks.de\/baunatal\/wp-json\/wp\/v2\/categories?post=632"},{"taxonomy":"post_tag","embeddable":true,"href":"http:\/\/gruene-lk-ks.de\/baunatal\/wp-json\/wp\/v2\/tags?post=632"}],"curies":[{"name":"wp","href":"https:\/\/api.w.org\/{rel}","templated":true}]}}