{"id":724,"date":"2016-12-19T12:03:33","date_gmt":"2016-12-19T10:03:33","guid":{"rendered":"http:\/\/gruene-lk-ks.de\/baunatal\/?p=724"},"modified":"2016-12-19T12:04:40","modified_gmt":"2016-12-19T10:04:40","slug":"gruener-jahresabschluss","status":"publish","type":"post","link":"http:\/\/gruene-lk-ks.de\/baunatal\/gruener-jahresabschluss\/","title":{"rendered":"GR\u00dcNER Jahresabschluss"},"content":{"rendered":"<p style=\"text-align: right\">19.12.2016<\/p>\n<p><strong>GR\u00dcNER Jahresabschluss\u00a0 <\/strong><\/p>\n<p>Am Ende eines ereignisreichen Jahres mit H\u00f6hen und Tiefen zogen die GR\u00dcNEN Baunatal Bilanz. Erfreulich war der Ausgang der Kommunalwahl, da &#8211; wie angestrebt &#8211; ein zweistelliges Ergebnis erzielt wurde. Ebenso konnte die Fraktionsst\u00e4rke gehalten werden, weil nach der Wahl der ehemalige SPD- Kommunalpolitiker Henry Richter aus Hertingshause bei uns eine neue politische Heimat gefunden hat.<\/p>\n<p>Zum ersten Mal stellen die GR\u00dcNEN Baunatal auch den Fraktionsvorstand der GR\u00dcNEN Kreistagsfraktion, mit Monika Woizeschke-Br\u00fcck, Dr. Thomas Gudehus und\u00a0 Edmund Borschel.<\/p>\n<div id=\"attachment_725\" class=\"wp-caption alignright\" style=\"width: 300px\"><a class=\"fancybox\" rel=\"gallery724\" href=\"http:\/\/gruene-lk-ks.de\/baunatal\/files\/2016\/12\/2016_PM_Dezember-2_StavoRBB_Foto.jpg\"><img loading=\"lazy\" class=\"wp-image-725\" src=\"http:\/\/gruene-lk-ks.de\/baunatal\/files\/2016\/12\/2016_PM_Dezember-2_StavoRBB_Foto-800x600.jpg\" width=\"300\" height=\"225\" srcset=\"http:\/\/gruene-lk-ks.de\/baunatal\/files\/2016\/12\/2016_PM_Dezember-2_StavoRBB_Foto-800x600.jpg 800w, http:\/\/gruene-lk-ks.de\/baunatal\/files\/2016\/12\/2016_PM_Dezember-2_StavoRBB_Foto-400x300.jpg 400w, http:\/\/gruene-lk-ks.de\/baunatal\/files\/2016\/12\/2016_PM_Dezember-2_StavoRBB_Foto-768x576.jpg 768w, http:\/\/gruene-lk-ks.de\/baunatal\/files\/2016\/12\/2016_PM_Dezember-2_StavoRBB_Foto-150x113.jpg 150w\" sizes=\"(max-width: 300px) 100vw, 300px\" \/><\/a><p class=\"wp-caption-text\">Weihnachtsstimmung auch in der GR\u00dcNEN-Fraktion<\/p><\/div>\n<p>Am Montag, den 12. Dezember 2016, fand die letzte Baunataler Stadtverordneten-Sitzung mit Beratung zum Haushalt 2017 der Stadtwerke und der Stadt Baunatal statt.<\/p>\n<p>An dieser Sitzung nahmen unsere Mandatstr\u00e4ger, Stadtrat J\u00fcrgen B\u00f6hme, und weitere vier Stadtverordnete, Dr. Kamela Mohtezebsade, Edmund Borschel, Henry Richter und Lothar Rost\u00a0 teil.<\/p>\n<p>Wir GR\u00dcNE konnten zum Haushalt der Stadtwerke und der Stadt leider nicht unsere Zustimmung geben, weil alle unsere Antr\u00e4ge abgelehnt wurden.<\/p>\n<p>Die Haushaltsrede unseres Fraktionsvorsitzenden Edmund Borschel finden Sie in der aktuellen Ausgabe der Baunataler Nachrichten sowie auf unserer Homepage.<\/p>\n<p><strong>Weihnachtsgr\u00fc\u00dfe und W\u00fcnsche zum Jahreswechsel<\/strong><\/p>\n<p>Wir GR\u00dcNE w\u00fcnschen Ihnen und Ihren Familien ein frohes Weihnachtsfest und einen guten Start in ein gesundes und erfolgreiches Jahr 2017.<\/p>\n<p>Wir freuen uns auf eine weiterhin gute Zusammenarbeit mit Ihnen, besonders wenn Sie uns Ihre berechtigten Sorgen schildern und wir uns f\u00fcr Sie einsetzen bzw. M\u00e4ngel in der Stadtpolitik beseitigen k\u00f6nnen.<\/p>\n","protected":false},"excerpt":{"rendered":"<p>19.12.2016 GR\u00dcNER Jahresabschluss\u00a0 Am Ende eines ereignisreichen Jahres mit H\u00f6hen und Tiefen zogen die GR\u00dcNEN Baunatal Bilanz. Erfreulich war der Ausgang der Kommunalwahl, da &#8211; wie angestrebt &#8211; ein zweistelliges&#8230; <\/p>\n","protected":false},"author":6,"featured_media":725,"comment_status":"closed","ping_status":"open","sticky":false,"template":"","format":"standard","meta":{"ngg_post_thumbnail":0},"categories":[1],"tags":[],"_links":{"self":[{"href":"http:\/\/gruene-lk-ks.de\/baunatal\/wp-json\/wp\/v2\/posts\/724"}],"collection":[{"href":"http:\/\/gruene-lk-ks.de\/baunatal\/wp-json\/wp\/v2\/posts"}],"about":[{"href":"http:\/\/gruene-lk-ks.de\/baunatal\/wp-json\/wp\/v2\/types\/post"}],"author":[{"embeddable":true,"href":"http:\/\/gruene-lk-ks.de\/baunatal\/wp-json\/wp\/v2\/users\/6"}],"replies":[{"embeddable":true,"href":"http:\/\/gruene-lk-ks.de\/baunatal\/wp-json\/wp\/v2\/comments?post=724"}],"version-history":[{"count":1,"href":"http:\/\/gruene-lk-ks.de\/baunatal\/wp-json\/wp\/v2\/posts\/724\/revisions"}],"predecessor-version":[{"id":726,"href":"http:\/\/gruene-lk-ks.de\/baunatal\/wp-json\/wp\/v2\/posts\/724\/revisions\/726"}],"wp:featuredmedia":[{"embeddable":true,"href":"http:\/\/gruene-lk-ks.de\/baunatal\/wp-json\/wp\/v2\/media\/725"}],"wp:attachment":[{"href":"http:\/\/gruene-lk-ks.de\/baunatal\/wp-json\/wp\/v2\/media?parent=724"}],"wp:term":[{"taxonomy":"category","embeddable":true,"href":"http:\/\/gruene-lk-ks.de\/baunatal\/wp-json\/wp\/v2\/categories?post=724"},{"taxonomy":"post_tag","embeddable":true,"href":"http:\/\/gruene-lk-ks.de\/baunatal\/wp-json\/wp\/v2\/tags?post=724"}],"curies":[{"name":"wp","href":"https:\/\/api.w.org\/{rel}","templated":true}]}}