{"id":728,"date":"2017-01-03T15:12:07","date_gmt":"2017-01-03T13:12:07","guid":{"rendered":"http:\/\/gruene-lk-ks.de\/baunatal\/?p=728"},"modified":"2017-01-03T15:12:07","modified_gmt":"2017-01-03T13:12:07","slug":"gruene-feiern-jahresabschluss","status":"publish","type":"post","link":"http:\/\/gruene-lk-ks.de\/baunatal\/gruene-feiern-jahresabschluss\/","title":{"rendered":"GR\u00dcNE feiern Jahresabschluss"},"content":{"rendered":"<p style=\"text-align: right\">04.01.2017<\/p>\n<p>Pressemitteilung<\/p>\n<p><strong>GR\u00dcNE feiern Jahresabschluss<\/strong><\/p>\n<div id=\"attachment_729\" class=\"wp-caption alignleft\" style=\"width: 300px\"><a class=\"fancybox\" rel=\"gallery728\" href=\"http:\/\/gruene-lk-ks.de\/baunatal\/files\/2017\/01\/IMG_2151.jpg\"><img loading=\"lazy\" class=\"wp-image-729\" src=\"http:\/\/gruene-lk-ks.de\/baunatal\/files\/2017\/01\/IMG_2151-800x533.jpg\" width=\"300\" height=\"200\" srcset=\"http:\/\/gruene-lk-ks.de\/baunatal\/files\/2017\/01\/IMG_2151-800x533.jpg 800w, http:\/\/gruene-lk-ks.de\/baunatal\/files\/2017\/01\/IMG_2151-400x267.jpg 400w, http:\/\/gruene-lk-ks.de\/baunatal\/files\/2017\/01\/IMG_2151-768x512.jpg 768w, http:\/\/gruene-lk-ks.de\/baunatal\/files\/2017\/01\/IMG_2151-150x100.jpg 150w\" sizes=\"(max-width: 300px) 100vw, 300px\" \/><\/a><p class=\"wp-caption-text\">GR\u00dcNE Fraktion kann auch feiern<\/p><\/div>\n<p>Die GR\u00dcNE Stavo-Fraktion zog zum Jahresausklang ein etwas anderes Fazit der politischen Arbeit in der\u00a0 Stadtverordnetenversammlung im vergangenen Jahr 2016. Mit einem sportlich gepr\u00e4gten Abend auf der Kegelbahn des Hotels Scirocco und anschlie\u00dfendem Schrottwichteln wurden bei viel Spa\u00df, Unterhaltung und \u00dcberraschung nicht nur politische Gespr\u00e4che gef\u00fchrt sondern auch Geselligkeit zelebriert.<\/p>\n<div id=\"attachment_730\" class=\"wp-caption alignright\" style=\"width: 300px\"><a class=\"fancybox\" rel=\"gallery728\" href=\"http:\/\/gruene-lk-ks.de\/baunatal\/files\/2017\/01\/IMG_2155.jpg\"><img loading=\"lazy\" class=\"wp-image-730\" src=\"http:\/\/gruene-lk-ks.de\/baunatal\/files\/2017\/01\/IMG_2155-800x533.jpg\" width=\"300\" height=\"200\" srcset=\"http:\/\/gruene-lk-ks.de\/baunatal\/files\/2017\/01\/IMG_2155-800x533.jpg 800w, http:\/\/gruene-lk-ks.de\/baunatal\/files\/2017\/01\/IMG_2155-400x267.jpg 400w, http:\/\/gruene-lk-ks.de\/baunatal\/files\/2017\/01\/IMG_2155-768x512.jpg 768w, http:\/\/gruene-lk-ks.de\/baunatal\/files\/2017\/01\/IMG_2155-150x100.jpg 150w\" sizes=\"(max-width: 300px) 100vw, 300px\" \/><\/a><p class=\"wp-caption-text\">Viel Spa\u00df beim Schrottwichteln<\/p><\/div>\n<p>Wie bereits seit Jahren stehen die GR\u00dcNEN Mandatstr\u00e4ger allen B\u00fcrger*innen immer dann als Ansprechpartner bei kommunalen Problemen zur Verf\u00fcgung, wenn sie sich von den anderen Parteien und dem Rathaus nicht ausreichend verstanden oder repr\u00e4sentiert f\u00fchlen. Diesem f\u00fchlen wir uns auch weiterhin verpflichtet.<\/p>\n","protected":false},"excerpt":{"rendered":"<p>04.01.2017 Pressemitteilung GR\u00dcNE feiern Jahresabschluss Die GR\u00dcNE Stavo-Fraktion zog zum Jahresausklang ein etwas anderes Fazit der politischen Arbeit in der\u00a0 Stadtverordnetenversammlung im vergangenen Jahr 2016. Mit einem sportlich gepr\u00e4gten Abend&#8230; <\/p>\n","protected":false},"author":6,"featured_media":730,"comment_status":"closed","ping_status":"open","sticky":false,"template":"","format":"standard","meta":{"ngg_post_thumbnail":0},"categories":[1],"tags":[],"_links":{"self":[{"href":"http:\/\/gruene-lk-ks.de\/baunatal\/wp-json\/wp\/v2\/posts\/728"}],"collection":[{"href":"http:\/\/gruene-lk-ks.de\/baunatal\/wp-json\/wp\/v2\/posts"}],"about":[{"href":"http:\/\/gruene-lk-ks.de\/baunatal\/wp-json\/wp\/v2\/types\/post"}],"author":[{"embeddable":true,"href":"http:\/\/gruene-lk-ks.de\/baunatal\/wp-json\/wp\/v2\/users\/6"}],"replies":[{"embeddable":true,"href":"http:\/\/gruene-lk-ks.de\/baunatal\/wp-json\/wp\/v2\/comments?post=728"}],"version-history":[{"count":2,"href":"http:\/\/gruene-lk-ks.de\/baunatal\/wp-json\/wp\/v2\/posts\/728\/revisions"}],"predecessor-version":[{"id":732,"href":"http:\/\/gruene-lk-ks.de\/baunatal\/wp-json\/wp\/v2\/posts\/728\/revisions\/732"}],"wp:featuredmedia":[{"embeddable":true,"href":"http:\/\/gruene-lk-ks.de\/baunatal\/wp-json\/wp\/v2\/media\/730"}],"wp:attachment":[{"href":"http:\/\/gruene-lk-ks.de\/baunatal\/wp-json\/wp\/v2\/media?parent=728"}],"wp:term":[{"taxonomy":"category","embeddable":true,"href":"http:\/\/gruene-lk-ks.de\/baunatal\/wp-json\/wp\/v2\/categories?post=728"},{"taxonomy":"post_tag","embeddable":true,"href":"http:\/\/gruene-lk-ks.de\/baunatal\/wp-json\/wp\/v2\/tags?post=728"}],"curies":[{"name":"wp","href":"https:\/\/api.w.org\/{rel}","templated":true}]}}