{"id":736,"date":"2017-01-06T19:57:23","date_gmt":"2017-01-06T17:57:23","guid":{"rendered":"http:\/\/gruene-lk-ks.de\/baunatal\/?p=736"},"modified":"2017-01-06T19:59:25","modified_gmt":"2017-01-06T17:59:25","slug":"rueckschau-auf-den-lesepatenbesuch-bei-den-kleinen-maulwuerfen","status":"publish","type":"post","link":"http:\/\/gruene-lk-ks.de\/baunatal\/rueckschau-auf-den-lesepatenbesuch-bei-den-kleinen-maulwuerfen\/","title":{"rendered":"R\u00fcckschau auf den Lesepatenbesuch bei den \u201cKleinen Maulw\u00fcrfen\u201c"},"content":{"rendered":"<p style=\"text-align: right\">11. Januar 2017<\/p>\n<p>Pressemitteilung<\/p>\n<p><strong>R\u00fcckschau auf den Lesepatenbesuch bei den \u201cKleinen Maulw\u00fcrfen\u201c<\/strong><\/p>\n<div id=\"attachment_738\" class=\"wp-caption alignleft\" style=\"width: 222px\"><a class=\"fancybox\" rel=\"gallery736\" href=\"http:\/\/gruene-lk-ks.de\/baunatal\/files\/2017\/01\/IMG_2107-e1483725255905.jpg\"><img loading=\"lazy\" class=\"wp-image-738\" src=\"http:\/\/gruene-lk-ks.de\/baunatal\/files\/2017\/01\/IMG_2107-e1483725255905-800x1200.jpg\" width=\"222\" height=\"333\" srcset=\"http:\/\/gruene-lk-ks.de\/baunatal\/files\/2017\/01\/IMG_2107-e1483725255905-800x1200.jpg 800w, http:\/\/gruene-lk-ks.de\/baunatal\/files\/2017\/01\/IMG_2107-e1483725255905-400x600.jpg 400w, http:\/\/gruene-lk-ks.de\/baunatal\/files\/2017\/01\/IMG_2107-e1483725255905-768x1152.jpg 768w, http:\/\/gruene-lk-ks.de\/baunatal\/files\/2017\/01\/IMG_2107-e1483725255905-100x150.jpg 100w\" sizes=\"(max-width: 222px) 100vw, 222px\" \/><\/a><p class=\"wp-caption-text\">Der Vorlesepate wohl \u201cbeh\u00fctet\u201c<\/p><\/div>\n<p>Die neue Kindertagesst\u00e4tte \u201cKleine Maulw\u00fcrfe\u201c am Gertrudenstift erhielt in der Woche vor den Festtagen \u00fcberraschend Besuch von einem als Weihnachtsmann verkleideten Lesepaten. Hinter diesem versteckte sich der GR\u00dcNE Fraktionsvorsitzende, Edmund Borschel, der auf Einladung der Kindertagesst\u00e4ttenleitung zwei Weihnachtsgeschichten den Kindern vorlas.<\/p>\n<p>Mit leuchtenden Augen und aufmerksam folgten die Kleinen den Abenteuern des \u201c<strong>Kleinen Weihnachtsmanns\u201c<\/strong>, der zun\u00e4chst verspottet von den Gro\u00dfen Weihnachtsm\u00e4nnern schlie\u00dflich zum Helden wurde, als diese pl\u00f6tzlich erkrankten. Er durfte dadurch in diesem Jahr nicht nur &#8211; wie immer &#8211; die Tiere im Wald beschenken, sondern den Oberweihnachtsmann auch in seinem Rentierschlitten auf die Erde begleiten.<\/p>\n<div id=\"attachment_737\" class=\"wp-caption alignright\" style=\"width: 400px\"><a class=\"fancybox\" rel=\"gallery736\" href=\"http:\/\/gruene-lk-ks.de\/baunatal\/files\/2017\/01\/IMG_2106_bearbeitet.jpg\"><img loading=\"lazy\" class=\"wp-image-737\" src=\"http:\/\/gruene-lk-ks.de\/baunatal\/files\/2017\/01\/IMG_2106_bearbeitet-800x533.jpg\" width=\"400\" height=\"267\" srcset=\"http:\/\/gruene-lk-ks.de\/baunatal\/files\/2017\/01\/IMG_2106_bearbeitet-800x533.jpg 800w, http:\/\/gruene-lk-ks.de\/baunatal\/files\/2017\/01\/IMG_2106_bearbeitet-400x267.jpg 400w, http:\/\/gruene-lk-ks.de\/baunatal\/files\/2017\/01\/IMG_2106_bearbeitet-768x512.jpg 768w, http:\/\/gruene-lk-ks.de\/baunatal\/files\/2017\/01\/IMG_2106_bearbeitet-150x100.jpg 150w\" sizes=\"(max-width: 400px) 100vw, 400px\" \/><\/a><p class=\"wp-caption-text\">14 aufmerksame Zuh\u00f6rer folgen der Weihnachtsmanngeschichte<\/p><\/div>\n<p>In der zweiten Geschichte erfuhren die J\u00fcngsten, wie der kleine Hase auf der Flucht vor den J\u00e4gern im Schnee in die H\u00f6hle des tiefschlafenden B\u00e4ren fiel und ihm die Weihnachtsgeschichte, mit der Geburt Jesu, erz\u00e4hlte. Der B\u00e4r kannte diese Geschichte nat\u00fcrlich noch nicht, da er zu dieser Zeit immer seinen Winterschlaf h\u00e4lt. Auf einer kanadischen \u201cB\u00e4ren-Decke\u201c liegend, konnten die Kinder oft einen Blick in die textunterst\u00fctzenden und wundersch\u00f6n-farbigen Zeichnungen des Kinderbuches werfen. Mahnende Worte des Vorlesers zum Umgang mit lebenden B\u00e4ren konnte er aus eigenen Erf\u00e4hrungen in der kanadischen Wildnis den Kleinsten auch geben.<\/p>\n<p>Am Ende des Vorlesevormittags gab es noch vom Vorlesepaten ein paar S\u00fc\u00dfigkeiten f\u00fcr die aufmerksamen Zuh\u00f6rer, verbunden mit einem Hinweis auf die spannenden und unterhaltsamen B\u00fccher in unserer st\u00e4dtischen B\u00fccherei, die zum Vorlesen, auch durch die Eltern, einladen.<\/p>\n","protected":false},"excerpt":{"rendered":"<p>11. Januar 2017 Pressemitteilung R\u00fcckschau auf den Lesepatenbesuch bei den \u201cKleinen Maulw\u00fcrfen\u201c Die neue Kindertagesst\u00e4tte \u201cKleine Maulw\u00fcrfe\u201c am Gertrudenstift erhielt in der Woche vor den Festtagen \u00fcberraschend Besuch von einem&#8230; <\/p>\n","protected":false},"author":6,"featured_media":737,"comment_status":"closed","ping_status":"open","sticky":false,"template":"","format":"standard","meta":{"ngg_post_thumbnail":0},"categories":[1],"tags":[],"_links":{"self":[{"href":"http:\/\/gruene-lk-ks.de\/baunatal\/wp-json\/wp\/v2\/posts\/736"}],"collection":[{"href":"http:\/\/gruene-lk-ks.de\/baunatal\/wp-json\/wp\/v2\/posts"}],"about":[{"href":"http:\/\/gruene-lk-ks.de\/baunatal\/wp-json\/wp\/v2\/types\/post"}],"author":[{"embeddable":true,"href":"http:\/\/gruene-lk-ks.de\/baunatal\/wp-json\/wp\/v2\/users\/6"}],"replies":[{"embeddable":true,"href":"http:\/\/gruene-lk-ks.de\/baunatal\/wp-json\/wp\/v2\/comments?post=736"}],"version-history":[{"count":3,"href":"http:\/\/gruene-lk-ks.de\/baunatal\/wp-json\/wp\/v2\/posts\/736\/revisions"}],"predecessor-version":[{"id":741,"href":"http:\/\/gruene-lk-ks.de\/baunatal\/wp-json\/wp\/v2\/posts\/736\/revisions\/741"}],"wp:featuredmedia":[{"embeddable":true,"href":"http:\/\/gruene-lk-ks.de\/baunatal\/wp-json\/wp\/v2\/media\/737"}],"wp:attachment":[{"href":"http:\/\/gruene-lk-ks.de\/baunatal\/wp-json\/wp\/v2\/media?parent=736"}],"wp:term":[{"taxonomy":"category","embeddable":true,"href":"http:\/\/gruene-lk-ks.de\/baunatal\/wp-json\/wp\/v2\/categories?post=736"},{"taxonomy":"post_tag","embeddable":true,"href":"http:\/\/gruene-lk-ks.de\/baunatal\/wp-json\/wp\/v2\/tags?post=736"}],"curies":[{"name":"wp","href":"https:\/\/api.w.org\/{rel}","templated":true}]}}