{"id":763,"date":"2017-01-17T14:16:11","date_gmt":"2017-01-17T12:16:11","guid":{"rendered":"http:\/\/gruene-lk-ks.de\/baunatal\/?p=763"},"modified":"2017-01-17T14:16:11","modified_gmt":"2017-01-17T12:16:11","slug":"besuch-der-gruenen-staatsministerin-in-baunatal","status":"publish","type":"post","link":"http:\/\/gruene-lk-ks.de\/baunatal\/besuch-der-gruenen-staatsministerin-in-baunatal\/","title":{"rendered":"Besuch der GR\u00dcNEN Staatsministerin in Baunatal"},"content":{"rendered":"<p style=\"text-align: right\">18. Januar 2017<\/p>\n<p><strong>Besuch der GR\u00dcNEN Staatsministerin in Baunatal<\/strong><\/p>\n<p>Im Rahmen der Landwirtschaftswoche Nordhessen, vom 9.-11. Januar 2017 besuchte die <strong>Hessische Ministerin <\/strong><strong>f\u00fcr Umwelt, Klimaschutz, Landwirtschaft und Verbraucherschutz, Priska Hinz, <\/strong>Baunatal<strong>.\u00a0 <\/strong>Am Rande der Veranstaltung wurde sie vom Fraktionsvorsitzenden der GR\u00dcNEN in der Stadtverordnetenversammlung, Edmund Borschel und seinem Stellvertreter, Lothar Rost, herzlich begr\u00fc\u00dft, verbunden mit einem nur kurzen Gespr\u00e4ch.<\/p>\n<div id=\"attachment_767\" class=\"wp-caption alignleft\" style=\"width: 333px\"><a class=\"fancybox\" rel=\"gallery763\" href=\"http:\/\/gruene-lk-ks.de\/baunatal\/files\/2017\/01\/IMG_2174.jpg\"><img loading=\"lazy\" class=\"wp-image-767\" src=\"http:\/\/gruene-lk-ks.de\/baunatal\/files\/2017\/01\/IMG_2174-800x533.jpg\" width=\"333\" height=\"222\" srcset=\"http:\/\/gruene-lk-ks.de\/baunatal\/files\/2017\/01\/IMG_2174-800x533.jpg 800w, http:\/\/gruene-lk-ks.de\/baunatal\/files\/2017\/01\/IMG_2174-400x267.jpg 400w, http:\/\/gruene-lk-ks.de\/baunatal\/files\/2017\/01\/IMG_2174-768x512.jpg 768w, http:\/\/gruene-lk-ks.de\/baunatal\/files\/2017\/01\/IMG_2174-150x100.jpg 150w\" sizes=\"(max-width: 333px) 100vw, 333px\" \/><\/a><p class=\"wp-caption-text\">Begr\u00fc\u00dfung von Ministerin Hinz durch GR\u00dcNE Stadtverordnete<\/p><\/div>\n<p>Begleitet wurde n\u00e4mlich die Veranstaltung von massiven Protesten der Landwirte, die mit der Haltung von S\u00e4uen ihren Lebensunterhalt erwirtschaften. Ausgel\u00f6st durch ein Urteil des Bundesverwaltungsgerichts (BVG) zur Vergr\u00f6\u00dferung der Kastenst\u00e4nde f\u00fcr tr\u00e4chtige Sauen sind nun alle L\u00e4nder aufgefordert, die Umsetzung dieses Urteils zu verfolgen. Die Ministerin sicherte den Betroffenen zu &#8211; in Hessen gibt es noch 400 Betriebe mit Sauenhaltung-, dass der Zeitplan f\u00fcr die Umsetzung in Abstimmung mit den anderen Bundesl\u00e4ndern sowie im Austausch mit den betroffenen hessischen Betrieben und unter Beteiligung von Verbandsvertretern erfolgen soll. Gerade dem Vorsitzenden des hessischen Bauernverbands, Karsten Schmal, war daran gelegen, dass zuk\u00fcnftig noch ausreichend Ferkel von hessischen H\u00f6fen mit Sauenhaltung geliefert werden k\u00f6nnen und nicht, wie oft bef\u00fcrchtet, nur noch aus L\u00e4ndern wie Polen oder den Niederlanden, weil dort geringere Tierschutzauflagen gelten.<\/p>\n<div id=\"attachment_766\" class=\"wp-caption alignright\" style=\"width: 333px\"><a class=\"fancybox\" rel=\"gallery763\" href=\"http:\/\/gruene-lk-ks.de\/baunatal\/files\/2017\/01\/IMG_2169.jpg\"><img loading=\"lazy\" class=\"wp-image-766\" src=\"http:\/\/gruene-lk-ks.de\/baunatal\/files\/2017\/01\/IMG_2169-800x533.jpg\" width=\"333\" height=\"222\" srcset=\"http:\/\/gruene-lk-ks.de\/baunatal\/files\/2017\/01\/IMG_2169-800x533.jpg 800w, http:\/\/gruene-lk-ks.de\/baunatal\/files\/2017\/01\/IMG_2169-400x267.jpg 400w, http:\/\/gruene-lk-ks.de\/baunatal\/files\/2017\/01\/IMG_2169-768x512.jpg 768w, http:\/\/gruene-lk-ks.de\/baunatal\/files\/2017\/01\/IMG_2169-150x100.jpg 150w\" sizes=\"(max-width: 333px) 100vw, 333px\" \/><\/a><p class=\"wp-caption-text\">Die GR\u00dcNE Ministerin im Gespr\u00e4ch mit protestierenden Bauern<\/p><\/div>\n<p>In ihrer Rede konnte Ministerin Hinz aber auch auf Erfolge in der hessischen Landwirtschaft verweisen. So wurde im Jahr 2016 ein Hilfspaket der Hessischen Landesregierung in H\u00f6he von 5 Mio. EURO f\u00fcr <strong>die<\/strong> landwirtschaftlichen Betriebe geschn\u00fcrt, welche besonders von den extrem niedrigen Milch- und Schweinepreisen betroffen waren und gleichzeitig hohe Bankkredite hatten. Eine Erfolgsgeschichte ist weiterhin die \u00d6kolandwirtschaft, die mit 100.000 Hektar stetig w\u00e4chst. Die 300 neuen Betriebe festigen damit die hessische Spitzenstellung beim Anteil von \u00d6ko-H\u00f6fen im Bundesgebiet. Hieran haben die Verbraucher einen entscheidenden Anteil, da viele Konsumenten inzwischen bereit sind, f\u00fcr gesunde, regional-erzeugte und schmackhafte Lebensmittel auch etwas h\u00f6here Preise zu zahlen.<\/p>\n<p>Die GR\u00dcNEN Mandatstr\u00e4ger konnten sich auch pers\u00f6nlich bei der Ministerin bedanken f\u00fcr die von der Schwarz-GR\u00dcNEN hessischen Landesregierung bereitgestellten Mittel im Rahmen des F\u00f6rderprogramms \u201cSoziale Stadt\u201c, welche der st\u00e4dtebaulichen Weiterentwicklung am Baunsberg dienen.<\/p>\n<hr \/>\n<p>&nbsp;<\/p>\n<p><strong><u>Terminhinweis:<\/u><\/strong><strong>\u00a0<\/strong><\/p>\n<p><strong>Am Samstag, 21. Januar 2017 findet die j\u00e4hrliche\u00a0<\/strong><strong>\u201cWir haben es Satt!\u201c-Demo in Berlin statt!<\/strong><\/p>\n<p>Im Bus aus Kassel sind noch Pl\u00e4tze frei.<\/p>\n<p>Am 21. Januar 2017 demonstrieren wir \u2013 B\u00e4uer*innen, Lebensmittelhandwerker*innen und kritische Konsument*innen \u2013 zum 7. Mal gemeinsam f\u00fcr gesundes Essen, eine b\u00e4uerlich-\u00f6kologischere Landwirtschaft und fairen Handel. Wir wollen Bauernh\u00f6fe statt Agrarindustrie. Wir sind f\u00fcr regionale Strukturen und mehr Wertsch\u00e4tzung unserer Lebensmittel. Daf\u00fcr gehen wir auf die Stra\u00dfe!<\/p>\n<p>Im Jahr der Bundestagswahl wollen wir GR\u00dcNE die Agrar- und Ern\u00e4hrungswende zum zentralen politischen Thema machen. Bist du auch dabei?<\/p>\n<p>Unsere nordhessische GR\u00dcNE Bundestagsabgeordnete, Nicole Maisch, hat einen Bus organisiert, um mit Euch zusammen morgens von Kassel aus zur Demo nach Berlin zu fahren.<\/p>\n<p>Der Fahrtkostenbeitrag liegt bei 25 Euro pro Person. Bei Bedarf wird ein Zuschuss gew\u00e4hrt!<\/p>\n<p>Alle weiteren Infos bei Anmeldung im Wahlkreisb\u00fcro unter der Tel. Nr. <strong>0561\/1 88 99<\/strong> oder unter <a href=\"mailto:Nicole.Maisch@wk.bundestag.de\">Nicole.Maisch@wk.bundestag.de<\/a><\/p>\n<p>&nbsp;<\/p>\n<p>&nbsp;<\/p>\n","protected":false},"excerpt":{"rendered":"<p>18. Januar 2017 Besuch der GR\u00dcNEN Staatsministerin in Baunatal Im Rahmen der Landwirtschaftswoche Nordhessen, vom 9.-11. Januar 2017 besuchte die Hessische Ministerin f\u00fcr Umwelt, Klimaschutz, Landwirtschaft und Verbraucherschutz, Priska Hinz,&#8230; <\/p>\n","protected":false},"author":6,"featured_media":766,"comment_status":"closed","ping_status":"open","sticky":false,"template":"","format":"standard","meta":{"ngg_post_thumbnail":0},"categories":[1],"tags":[],"_links":{"self":[{"href":"http:\/\/gruene-lk-ks.de\/baunatal\/wp-json\/wp\/v2\/posts\/763"}],"collection":[{"href":"http:\/\/gruene-lk-ks.de\/baunatal\/wp-json\/wp\/v2\/posts"}],"about":[{"href":"http:\/\/gruene-lk-ks.de\/baunatal\/wp-json\/wp\/v2\/types\/post"}],"author":[{"embeddable":true,"href":"http:\/\/gruene-lk-ks.de\/baunatal\/wp-json\/wp\/v2\/users\/6"}],"replies":[{"embeddable":true,"href":"http:\/\/gruene-lk-ks.de\/baunatal\/wp-json\/wp\/v2\/comments?post=763"}],"version-history":[{"count":3,"href":"http:\/\/gruene-lk-ks.de\/baunatal\/wp-json\/wp\/v2\/posts\/763\/revisions"}],"predecessor-version":[{"id":768,"href":"http:\/\/gruene-lk-ks.de\/baunatal\/wp-json\/wp\/v2\/posts\/763\/revisions\/768"}],"wp:featuredmedia":[{"embeddable":true,"href":"http:\/\/gruene-lk-ks.de\/baunatal\/wp-json\/wp\/v2\/media\/766"}],"wp:attachment":[{"href":"http:\/\/gruene-lk-ks.de\/baunatal\/wp-json\/wp\/v2\/media?parent=763"}],"wp:term":[{"taxonomy":"category","embeddable":true,"href":"http:\/\/gruene-lk-ks.de\/baunatal\/wp-json\/wp\/v2\/categories?post=763"},{"taxonomy":"post_tag","embeddable":true,"href":"http:\/\/gruene-lk-ks.de\/baunatal\/wp-json\/wp\/v2\/tags?post=763"}],"curies":[{"name":"wp","href":"https:\/\/api.w.org\/{rel}","templated":true}]}}