{"id":838,"date":"2017-02-20T16:35:51","date_gmt":"2017-02-20T14:35:51","guid":{"rendered":"http:\/\/gruene-lk-ks.de\/baunatal\/?p=838"},"modified":"2017-02-20T16:38:38","modified_gmt":"2017-02-20T14:38:38","slug":"gruene-baunatal-unterstuetzen-terre-des-hommes","status":"publish","type":"post","link":"http:\/\/gruene-lk-ks.de\/baunatal\/gruene-baunatal-unterstuetzen-terre-des-hommes\/","title":{"rendered":"GR\u00dcNE Baunatal unterst\u00fctzen terre des hommes"},"content":{"rendered":"<p style=\"text-align: right\">15.02.2017<\/p>\n<p><strong>GR\u00dcNE Baunatal unterst\u00fctzen terre des hommes<\/strong><\/p>\n<p>Seit 50 Jahren besteht das Kinderhilfswerk <strong>terre des hommes<\/strong> und dessen wichtige sowie unerm\u00fcdliche K\u00e4mpferin f\u00fcr die Rechte der Kinder weltweit, Uschka John aus Baunatal-Hertingshausen zieht Bilanz. Nach 25 Jahren ehrenamtliche T\u00e4tigkeit mit vielen Aktionen\u00a0 erzielte sie bisher einen Erl\u00f6s von ca. 185.000 \u20ac, der den Stra\u00dfenkindern in der \u201cDritten Welt\u201c unmittelbar zugute kommt.<\/p>\n<div id=\"attachment_841\" class=\"wp-caption alignleft\" style=\"width: 333px\"><a class=\"fancybox\" rel=\"gallery838\" href=\"http:\/\/gruene-lk-ks.de\/baunatal\/files\/2017\/02\/2017_PM-Februar-3_t.d.h_Foto.jpg\"><img loading=\"lazy\" class=\"wp-image-841\" src=\"http:\/\/gruene-lk-ks.de\/baunatal\/files\/2017\/02\/2017_PM-Februar-3_t.d.h_Foto-800x779.jpg\" width=\"333\" height=\"324\" \/><\/a><p class=\"wp-caption-text\">Uschka John (67) aus Baunatal-Hertingshausen, seit 22 Jahren f\u00fcr die Hilfsorganisation terre des hommes ehrenamtlich aktiv, veranstaltete 8. Fahrrad-B\u00f6rse seit 2004, Baunataler Bike-B\u00f6rse, links: Sohn Mischa John hilft seit 22 Jahren mit<\/p><\/div>\n<p>Sammelaktionen gemeinsam und mit Unterst\u00fctzung von Firmen, Schulen, regelm\u00e4\u00dfige Verkaufsst\u00e4nde auf dem Baunataler Wochenmarkt und Nikolausmarkt sowie ihre langj\u00e4hrige\u00a0 Baunataler Fahrradb\u00f6rse, h\u00e4ufig mit pers\u00f6nlicher Unterst\u00fctzung durch die GR\u00dcNEN Baunatal, dokumentieren ihr jahrelanges ehrenamtliches Engagement f\u00fcr die Schw\u00e4chsten und oft Vergessenen auf unserer Welt. Nach aktuellem Stand wird leider die <strong>Bike-B\u00f6rse von terre des hommes <\/strong>in Baunatal keine Fortsetzung finden, da die Zahl der gespendeten und ausgestellten Fahrr\u00e4der in den vergangenen Jahren aufgrund der Konkurrenz der KSV Radsportabteilung kontinuierlich zur\u00fcckgegangen ist.<\/p>\n<p>Ein besonderes Highlight war 2008 Frau Johns Besuch im VW-Werk-Baunatal gemeinsam mit ehemaligen Stra\u00dfenkindern aus Mexiko, Brasilien, Argentinien und S\u00fcdafrika. Im Jahr 2011 erfolgte die \u00dcberreichung des \u201eEhrenbriefs des Landes Hessen\u201c durch Vize-Landr\u00e4tin Susanne Selbert. Dank der erneuten Sammlung am \u201eAdvents-Packtisch\u201c im Ratio-Land kamen bis zum Jahresende 2016 insgesamt stolze rund 185.000 \u20ac zusammen.<\/p>\n<p>Frau John hofft, dass sie sich mit <strong>terre des hommes<\/strong> in dessen 50. Jubil\u00e4umsjahr beim Weltkindertag in Baunatal im Herbst 2017 beteiligen kann.<\/p>\n<p><strong><u>Termine:<\/u><\/strong><\/p>\n<p>Die n\u00e4chste <strong>GR\u00dcNE-Fraktionssitzung mit <u>B\u00fcrgersprechstunde<\/u><\/strong> findet am Montag, den <strong>20.02.2017, um 19.00 Uhr<\/strong> im Vereinshaus in Altenritte, Ritterstra\u00dfe 1, statt.<\/p>\n<p>Samstag, <strong>11.03.2017, 10 Uhr,<\/strong> Jahreshauptversammlung der GR\u00dcNEN Baunatal\u00a0 im Bistro Atempause des KSV-Baunatal. Tagesordnung folgt.<\/p>\n<p>&nbsp;<\/p>\n","protected":false},"excerpt":{"rendered":"<p>15.02.2017 GR\u00dcNE Baunatal unterst\u00fctzen terre des hommes Seit 50 Jahren besteht das Kinderhilfswerk terre des hommes und dessen wichtige sowie unerm\u00fcdliche K\u00e4mpferin f\u00fcr die Rechte der Kinder weltweit, Uschka John&#8230; <\/p>\n","protected":false},"author":6,"featured_media":841,"comment_status":"closed","ping_status":"open","sticky":false,"template":"","format":"standard","meta":{"ngg_post_thumbnail":0},"categories":[1],"tags":[],"_links":{"self":[{"href":"http:\/\/gruene-lk-ks.de\/baunatal\/wp-json\/wp\/v2\/posts\/838"}],"collection":[{"href":"http:\/\/gruene-lk-ks.de\/baunatal\/wp-json\/wp\/v2\/posts"}],"about":[{"href":"http:\/\/gruene-lk-ks.de\/baunatal\/wp-json\/wp\/v2\/types\/post"}],"author":[{"embeddable":true,"href":"http:\/\/gruene-lk-ks.de\/baunatal\/wp-json\/wp\/v2\/users\/6"}],"replies":[{"embeddable":true,"href":"http:\/\/gruene-lk-ks.de\/baunatal\/wp-json\/wp\/v2\/comments?post=838"}],"version-history":[{"count":5,"href":"http:\/\/gruene-lk-ks.de\/baunatal\/wp-json\/wp\/v2\/posts\/838\/revisions"}],"predecessor-version":[{"id":843,"href":"http:\/\/gruene-lk-ks.de\/baunatal\/wp-json\/wp\/v2\/posts\/838\/revisions\/843"}],"wp:featuredmedia":[{"embeddable":true,"href":"http:\/\/gruene-lk-ks.de\/baunatal\/wp-json\/wp\/v2\/media\/841"}],"wp:attachment":[{"href":"http:\/\/gruene-lk-ks.de\/baunatal\/wp-json\/wp\/v2\/media?parent=838"}],"wp:term":[{"taxonomy":"category","embeddable":true,"href":"http:\/\/gruene-lk-ks.de\/baunatal\/wp-json\/wp\/v2\/categories?post=838"},{"taxonomy":"post_tag","embeddable":true,"href":"http:\/\/gruene-lk-ks.de\/baunatal\/wp-json\/wp\/v2\/tags?post=838"}],"curies":[{"name":"wp","href":"https:\/\/api.w.org\/{rel}","templated":true}]}}