{"id":845,"date":"2017-02-20T16:46:40","date_gmt":"2017-02-20T14:46:40","guid":{"rendered":"http:\/\/gruene-lk-ks.de\/baunatal\/?p=845"},"modified":"2017-02-20T16:46:40","modified_gmt":"2017-02-20T14:46:40","slug":"einladung-zu-einem-familienfruehstueck-mit-den-gruenen-und-nicole-maisch-mdb","status":"publish","type":"post","link":"http:\/\/gruene-lk-ks.de\/baunatal\/einladung-zu-einem-familienfruehstueck-mit-den-gruenen-und-nicole-maisch-mdb\/","title":{"rendered":"EINLADUNG zu einem &#8230; Familienfr\u00fchst\u00fcck mit den GR\u00dcNEN und Nicole Maisch, MdB"},"content":{"rendered":"<p><strong>EINLADUNG zu einem &#8230;\u00a0<\/strong><strong>Familienfr\u00fchst\u00fcck mit den GR\u00dcNEN und Nicole Maisch, MdB<\/strong><\/p>\n<p><strong>Thema: \u201cZeit f\u00fcr Beruf und Familie\u201c<\/strong><\/p>\n<p>Eine Stunde f\u00fcr die Familie, oder doch besser eine Stunde f\u00fcr die Arbeit, eine Stunde f\u00fcr das Hobby, oder lieber eine Stunde mehr Schlaf. Das Leben macht Tempo. Die Beschleunigung und Verdichtung halten uns beruflich wie privat auf Trab. Im Puzzle unseres Lebens muss einiges zusammenpassen, um dies auf Jahre zusammen zu halten.<\/p>\n<p>Es gibt viele M\u00f6glichkeiten, wie wir unser Leben gestalten, aber kriegen wir <strong>#allesuntereinenHut?<\/strong><br \/>\n<a class=\"fancybox\" rel=\"gallery845\" href=\"http:\/\/gruene-lk-ks.de\/baunatal\/files\/2017\/02\/Unbenannt1.png\"><img loading=\"lazy\" class=\"alignleft wp-image-847\" src=\"http:\/\/gruene-lk-ks.de\/baunatal\/files\/2017\/02\/Unbenannt1-800x800.png\" width=\"300\" height=\"300\" srcset=\"http:\/\/gruene-lk-ks.de\/baunatal\/files\/2017\/02\/Unbenannt1-800x800.png 800w, http:\/\/gruene-lk-ks.de\/baunatal\/files\/2017\/02\/Unbenannt1-150x150.png 150w, http:\/\/gruene-lk-ks.de\/baunatal\/files\/2017\/02\/Unbenannt1-400x400.png 400w, http:\/\/gruene-lk-ks.de\/baunatal\/files\/2017\/02\/Unbenannt1-768x768.png 768w, http:\/\/gruene-lk-ks.de\/baunatal\/files\/2017\/02\/Unbenannt1.png 945w\" sizes=\"(max-width: 300px) 100vw, 300px\" \/><\/a><\/p>\n<p>Wir wollen alle Interessierten einladen, mit uns \u00fcber GR\u00dcNE Vorschl\u00e4ge zur Zeitpolitik von der Kinderbetreuung bis zur Pflege \u00e4lterer Familienmitglieder zu sprechen, bei einem gemeinsamen Fr\u00fchst\u00fcck<\/p>\n<p><strong>am Samstag, den 25. Februar 2017,<\/strong><\/p>\n<p><strong>von 11:00 \u2013 13:00 Uhr<\/strong><\/p>\n<p><strong>im Caf\u00e9 Bahnhof F\u00fcrstenwald,<\/strong><\/p>\n<p><strong>Bahnhofstra\u00dfe 34, 34379 Calden<\/strong><strong>-F\u00fcrstenwald<\/strong><\/p>\n<p>Mit der RT4 erreichen Sie das Caf\u00e9, welches in direkter N\u00e4he zum Bahnhof F\u00fcrstenwald liegt.<\/p>\n<p>Eine Kinderbetreuung wird angeboten. Um eine zeitige Anmeldung wird gebeten, unter <a href=\"mailto:Nicole.Maisch@wk.bundestag.de\">Nicole.Maisch@wk.bundestag.de<\/a><\/p>\n<p>Wir freuen uns auf interessante Gespr\u00e4ch und einen regen Austausch.<\/p>\n","protected":false},"excerpt":{"rendered":"<p>EINLADUNG zu einem &#8230;\u00a0Familienfr\u00fchst\u00fcck mit den GR\u00dcNEN und Nicole Maisch, MdB Thema: \u201cZeit f\u00fcr Beruf und Familie\u201c Eine Stunde f\u00fcr die Familie, oder doch besser eine Stunde f\u00fcr die Arbeit,&#8230; <\/p>\n","protected":false},"author":6,"featured_media":848,"comment_status":"closed","ping_status":"open","sticky":false,"template":"","format":"standard","meta":{"ngg_post_thumbnail":0},"categories":[1],"tags":[],"_links":{"self":[{"href":"http:\/\/gruene-lk-ks.de\/baunatal\/wp-json\/wp\/v2\/posts\/845"}],"collection":[{"href":"http:\/\/gruene-lk-ks.de\/baunatal\/wp-json\/wp\/v2\/posts"}],"about":[{"href":"http:\/\/gruene-lk-ks.de\/baunatal\/wp-json\/wp\/v2\/types\/post"}],"author":[{"embeddable":true,"href":"http:\/\/gruene-lk-ks.de\/baunatal\/wp-json\/wp\/v2\/users\/6"}],"replies":[{"embeddable":true,"href":"http:\/\/gruene-lk-ks.de\/baunatal\/wp-json\/wp\/v2\/comments?post=845"}],"version-history":[{"count":3,"href":"http:\/\/gruene-lk-ks.de\/baunatal\/wp-json\/wp\/v2\/posts\/845\/revisions"}],"predecessor-version":[{"id":850,"href":"http:\/\/gruene-lk-ks.de\/baunatal\/wp-json\/wp\/v2\/posts\/845\/revisions\/850"}],"wp:featuredmedia":[{"embeddable":true,"href":"http:\/\/gruene-lk-ks.de\/baunatal\/wp-json\/wp\/v2\/media\/848"}],"wp:attachment":[{"href":"http:\/\/gruene-lk-ks.de\/baunatal\/wp-json\/wp\/v2\/media?parent=845"}],"wp:term":[{"taxonomy":"category","embeddable":true,"href":"http:\/\/gruene-lk-ks.de\/baunatal\/wp-json\/wp\/v2\/categories?post=845"},{"taxonomy":"post_tag","embeddable":true,"href":"http:\/\/gruene-lk-ks.de\/baunatal\/wp-json\/wp\/v2\/tags?post=845"}],"curies":[{"name":"wp","href":"https:\/\/api.w.org\/{rel}","templated":true}]}}