{"id":855,"date":"2017-02-27T15:08:22","date_gmt":"2017-02-27T13:08:22","guid":{"rendered":"http:\/\/gruene-lk-ks.de\/baunatal\/?p=855"},"modified":"2017-02-27T15:13:46","modified_gmt":"2017-02-27T13:13:46","slug":"gruene-baunatal-besuchen-polizeirevier","status":"publish","type":"post","link":"http:\/\/gruene-lk-ks.de\/baunatal\/gruene-baunatal-besuchen-polizeirevier\/","title":{"rendered":"GR\u00dcNE Baunatal besuchen Polizeirevier"},"content":{"rendered":"<p style=\"text-align: right\">01.03.2017<\/p>\n<p>Pressemitteilung<\/p>\n<p><strong>GR\u00dcNE Baunatal besuchen Polizeirevier<\/strong><\/p>\n<p>Der GR\u00dcNE Fraktionsvorsitzende Edmund Borschel und sein Stellvertreter Lothar Rost besuchten am 14.02.2017 das Polizeirevier in Baunatal und f\u00fchrten ein Gespr\u00e4ch mit dem Leiter, dem Ersten Polizeihauptkommissar, Herrn Henning Hinn.<\/p>\n<p>Das Polizeirevier S\u00fcd-West, bestehend aus 5 Dienstgruppen, mit ca. 100 Beamt*innen, Angestellten und Fachhochschulpraktikant*innen ist f\u00fcr 129.000 Einwohner in 11 Kasseler Stadtteilen, Schauenburg und f\u00fcr Baunatal zust\u00e4ndig. Die Fl\u00e4che des Dienstbezirks deckt 133 km\u00b2 ab, und ist damit eine der gr\u00f6\u00dferen in Nordhessen.<\/p>\n<p>Herr Hinn betonte, dass es in seinem Bezirk keine besonderen Problemviertel gibt und der Stand sowie der Grad der Straftaten unproblematisch ist.<\/p>\n<p>Allerdings hat sich die Dienstgruppenst\u00e4rke in den letzten Jahren u.a. aufgrund von fehlendem Nachwuchs reduziert. Gr\u00fcnde daf\u00fcr sind neben dem stressigen Schichtdienst, mit oft aggressivem Verhalten seitens der Straft\u00e4ter gegen\u00fcber den Polizeibeamten auch die geringen Aufstiegschancen im Beruf.<\/p>\n<div id=\"attachment_857\" class=\"wp-caption alignright\" style=\"width: 333px\"><a class=\"fancybox\" rel=\"gallery855\" href=\"http:\/\/gruene-lk-ks.de\/baunatal\/files\/2017\/02\/IMG_2230.jpg\"><img loading=\"lazy\" class=\"wp-image-857\" src=\"http:\/\/gruene-lk-ks.de\/baunatal\/files\/2017\/02\/IMG_2230-800x533.jpg\" width=\"333\" height=\"222\" srcset=\"http:\/\/gruene-lk-ks.de\/baunatal\/files\/2017\/02\/IMG_2230-800x533.jpg 800w, http:\/\/gruene-lk-ks.de\/baunatal\/files\/2017\/02\/IMG_2230-400x267.jpg 400w, http:\/\/gruene-lk-ks.de\/baunatal\/files\/2017\/02\/IMG_2230-768x512.jpg 768w, http:\/\/gruene-lk-ks.de\/baunatal\/files\/2017\/02\/IMG_2230-150x100.jpg 150w\" sizes=\"(max-width: 333px) 100vw, 333px\" \/><\/a><p class=\"wp-caption-text\">Lothar Rost, Henning Hinn und Edmund Borschel (v.l.) im \u201cSchutz\u201c des Polizei-K\u00e4fers<\/p><\/div>\n<p>An die Politik ist daher der Wunsch gerichtet nach mehr und gut ausgebildetem Personal sowie angemessener Bezahlung. Schlie\u00dflich haben sich die Aufgabengebiete nicht nur durch die Fl\u00fcchtlingssituation erweitert. Auch das Thema Video\u00fcberwachung im \u00f6ffentlichen Raum an sozialen Brennpunkten wurde von den GR\u00dcNEN angesprochen. Neben der Pr\u00e4vention kann besonders die erh\u00f6hte Aufkl\u00e4rungsquote bei der T\u00e4terermittlung und -\u00fcberf\u00fchrung herausgestellt werden, wie u.a. die\u00a0 j\u00fcngsten Vorf\u00e4lle in Berlin zeigen. Dabei sind lokal u.a. die sich wiederholenden Schmierereien an dem in unmittelbarer N\u00e4he des Reviers gelegenen THS-Geb\u00e4ude im Blick.<\/p>\n<p>Positiv hervorgehoben wurde vom Leiter der Dienststelle die Raumausstattung im Geb\u00e4ude und der \u00f6kologische Standard, u.a. durch die PV-Anlage in der Fassade, die bei der Planung des Geb\u00e4udes von den Baunataler GR\u00dcNEN nicht nur aus \u00f6kologischen Gr\u00fcnden angemahnt wurde. Da das Land Hessen das Geb\u00e4ude lediglich pachtet, flie\u00dfen die Ertr\u00e4ge f\u00fcr den eingespeisten Strom an die Stadt. Die GR\u00dcNEN werden in der Stadtverordnetenversammlung zur H\u00f6hhe des bisherigen Stromertrags nachfragen.<\/p>\n<p>&nbsp;<\/p>\n","protected":false},"excerpt":{"rendered":"<p>01.03.2017 Pressemitteilung GR\u00dcNE Baunatal besuchen Polizeirevier Der GR\u00dcNE Fraktionsvorsitzende Edmund Borschel und sein Stellvertreter Lothar Rost besuchten am 14.02.2017 das Polizeirevier in Baunatal und f\u00fchrten ein Gespr\u00e4ch mit dem Leiter,&#8230; <\/p>\n","protected":false},"author":6,"featured_media":857,"comment_status":"closed","ping_status":"open","sticky":false,"template":"","format":"standard","meta":{"ngg_post_thumbnail":0},"categories":[1],"tags":[],"_links":{"self":[{"href":"http:\/\/gruene-lk-ks.de\/baunatal\/wp-json\/wp\/v2\/posts\/855"}],"collection":[{"href":"http:\/\/gruene-lk-ks.de\/baunatal\/wp-json\/wp\/v2\/posts"}],"about":[{"href":"http:\/\/gruene-lk-ks.de\/baunatal\/wp-json\/wp\/v2\/types\/post"}],"author":[{"embeddable":true,"href":"http:\/\/gruene-lk-ks.de\/baunatal\/wp-json\/wp\/v2\/users\/6"}],"replies":[{"embeddable":true,"href":"http:\/\/gruene-lk-ks.de\/baunatal\/wp-json\/wp\/v2\/comments?post=855"}],"version-history":[{"count":2,"href":"http:\/\/gruene-lk-ks.de\/baunatal\/wp-json\/wp\/v2\/posts\/855\/revisions"}],"predecessor-version":[{"id":858,"href":"http:\/\/gruene-lk-ks.de\/baunatal\/wp-json\/wp\/v2\/posts\/855\/revisions\/858"}],"wp:featuredmedia":[{"embeddable":true,"href":"http:\/\/gruene-lk-ks.de\/baunatal\/wp-json\/wp\/v2\/media\/857"}],"wp:attachment":[{"href":"http:\/\/gruene-lk-ks.de\/baunatal\/wp-json\/wp\/v2\/media?parent=855"}],"wp:term":[{"taxonomy":"category","embeddable":true,"href":"http:\/\/gruene-lk-ks.de\/baunatal\/wp-json\/wp\/v2\/categories?post=855"},{"taxonomy":"post_tag","embeddable":true,"href":"http:\/\/gruene-lk-ks.de\/baunatal\/wp-json\/wp\/v2\/tags?post=855"}],"curies":[{"name":"wp","href":"https:\/\/api.w.org\/{rel}","templated":true}]}}