{"id":859,"date":"2017-02-27T15:11:05","date_gmt":"2017-02-27T13:11:05","guid":{"rendered":"http:\/\/gruene-lk-ks.de\/baunatal\/?p=859"},"modified":"2017-02-27T15:11:05","modified_gmt":"2017-02-27T13:11:05","slug":"veranstaltungsbericht","status":"publish","type":"post","link":"http:\/\/gruene-lk-ks.de\/baunatal\/veranstaltungsbericht\/","title":{"rendered":"Veranstaltungsbericht"},"content":{"rendered":"<p><strong><u>Veranstaltungsbericht<\/u><\/strong><strong>\u00a0<\/strong><\/p>\n<p><strong>Das Familienfr\u00fchst\u00fcck der GR\u00dcNEN mit\u00a0 Nicole Maisch, MdB, in Calden-F\u00fcrstenwald am vergangenen Wochenende war mit 25 Erwachsenen und 10 Kindern\/Jugendlichen dank Kinderbetreuung gut besucht und informativ. Nicole und die GR\u00dcNEN vom Landkreis Kassel pr\u00e4sentierten ein leckeres und gesundes Fr\u00fchst\u00fccksbuffet aber auch interessante Anregungen zum Zeitmanagement im Wechselspiel zwischen Beruf und Familie in verschiedenen Lebens- und Altersphasen.<\/strong><\/p>\n<div id=\"attachment_861\" class=\"wp-caption alignleft\" style=\"width: 333px\"><a class=\"fancybox\" rel=\"gallery859\" href=\"http:\/\/gruene-lk-ks.de\/baunatal\/files\/2017\/02\/IMG_2249.jpg\"><img loading=\"lazy\" class=\"wp-image-861\" src=\"http:\/\/gruene-lk-ks.de\/baunatal\/files\/2017\/02\/IMG_2249-800x533.jpg\" width=\"333\" height=\"222\" srcset=\"http:\/\/gruene-lk-ks.de\/baunatal\/files\/2017\/02\/IMG_2249-800x533.jpg 800w, http:\/\/gruene-lk-ks.de\/baunatal\/files\/2017\/02\/IMG_2249-400x267.jpg 400w, http:\/\/gruene-lk-ks.de\/baunatal\/files\/2017\/02\/IMG_2249-768x512.jpg 768w, http:\/\/gruene-lk-ks.de\/baunatal\/files\/2017\/02\/IMG_2249-150x100.jpg 150w\" sizes=\"(max-width: 333px) 100vw, 333px\" \/><\/a><p class=\"wp-caption-text\">Engagierte Diskussion der GR\u00dcNEN mit G\u00e4sten zum Zeitmanagement<\/p><\/div>\n<p>Unter dem Motto <strong>#allesuntereinenHut? <\/strong>wurde munter debattiert, was schwieriger zu koordinieren sei, Kinderbetreuung im Krankheitsfall wenn beide Elternteile berufst\u00e4tig sind oder private Pflege der Eltern im Alter, wenn erh\u00f6hter Pflegeaufwand gegeben ist.<\/p>\n<p>Die GR\u00dcNEN werden dazu Initiativen ergreifen und L\u00f6sungsvorschl\u00e4ge aufzeigen im bevorstehenden Bundestagswahlkampf.<\/p>\n","protected":false},"excerpt":{"rendered":"<p>Veranstaltungsbericht\u00a0 Das Familienfr\u00fchst\u00fcck der GR\u00dcNEN mit\u00a0 Nicole Maisch, MdB, in Calden-F\u00fcrstenwald am vergangenen Wochenende war mit 25 Erwachsenen und 10 Kindern\/Jugendlichen dank Kinderbetreuung gut besucht und informativ. Nicole und die&#8230; <\/p>\n","protected":false},"author":6,"featured_media":860,"comment_status":"closed","ping_status":"open","sticky":false,"template":"","format":"standard","meta":{"ngg_post_thumbnail":0},"categories":[1],"tags":[],"_links":{"self":[{"href":"http:\/\/gruene-lk-ks.de\/baunatal\/wp-json\/wp\/v2\/posts\/859"}],"collection":[{"href":"http:\/\/gruene-lk-ks.de\/baunatal\/wp-json\/wp\/v2\/posts"}],"about":[{"href":"http:\/\/gruene-lk-ks.de\/baunatal\/wp-json\/wp\/v2\/types\/post"}],"author":[{"embeddable":true,"href":"http:\/\/gruene-lk-ks.de\/baunatal\/wp-json\/wp\/v2\/users\/6"}],"replies":[{"embeddable":true,"href":"http:\/\/gruene-lk-ks.de\/baunatal\/wp-json\/wp\/v2\/comments?post=859"}],"version-history":[{"count":1,"href":"http:\/\/gruene-lk-ks.de\/baunatal\/wp-json\/wp\/v2\/posts\/859\/revisions"}],"predecessor-version":[{"id":862,"href":"http:\/\/gruene-lk-ks.de\/baunatal\/wp-json\/wp\/v2\/posts\/859\/revisions\/862"}],"wp:featuredmedia":[{"embeddable":true,"href":"http:\/\/gruene-lk-ks.de\/baunatal\/wp-json\/wp\/v2\/media\/860"}],"wp:attachment":[{"href":"http:\/\/gruene-lk-ks.de\/baunatal\/wp-json\/wp\/v2\/media?parent=859"}],"wp:term":[{"taxonomy":"category","embeddable":true,"href":"http:\/\/gruene-lk-ks.de\/baunatal\/wp-json\/wp\/v2\/categories?post=859"},{"taxonomy":"post_tag","embeddable":true,"href":"http:\/\/gruene-lk-ks.de\/baunatal\/wp-json\/wp\/v2\/tags?post=859"}],"curies":[{"name":"wp","href":"https:\/\/api.w.org\/{rel}","templated":true}]}}