{"id":864,"date":"2017-03-08T18:29:16","date_gmt":"2017-03-08T16:29:16","guid":{"rendered":"http:\/\/gruene-lk-ks.de\/baunatal\/?p=864"},"modified":"2017-03-08T18:33:05","modified_gmt":"2017-03-08T16:33:05","slug":"besuch-im-reha-zentrum-baunatal-grossenritte","status":"publish","type":"post","link":"http:\/\/gruene-lk-ks.de\/baunatal\/besuch-im-reha-zentrum-baunatal-grossenritte\/","title":{"rendered":"Besuch Im REHA Zentrum Baunatal-Gro\u00dfenritte"},"content":{"rendered":"<p style=\"text-align: right\">08.03.2017<\/p>\n<p>Pressemitteilung<\/p>\n<p><strong>Besuch Im REHA Zentrum Baunatal-Gro\u00dfenritte<\/strong><\/p>\n<p>Der GR\u00dcNE Stadtrat J\u00fcrgen B\u00f6hme, der Fraktionsvorsitzende Edmund Borschel und sein Stellvertreter Lothar Rost besuchten am 01.03.2017 das ambulant arbeitende\u00a0 REHA Zentrum, eine Einrichtung mit ca\u00a0 40 Besch\u00e4ftigten, im MVZ Baunatal-Gro\u00dfenritte.<\/p>\n<p>Die Verwaltungsleiterin, Frau Brigitte Umbach, f\u00fchrte uns durch das orthop\u00e4dische Therapiezentrum und informierte uns \u00fcber die umfangreichen Programme, die individuell auf das jeweilige orthop\u00e4dische Krankheitsbild des Patienten abgestimmt sind.<\/p>\n<div id=\"attachment_865\" class=\"wp-caption alignleft\" style=\"width: 333px\"><a class=\"fancybox\" rel=\"gallery864\" href=\"http:\/\/gruene-lk-ks.de\/baunatal\/files\/2017\/03\/IMG_2259.jpg\"><img loading=\"lazy\" class=\"wp-image-865\" src=\"http:\/\/gruene-lk-ks.de\/baunatal\/files\/2017\/03\/IMG_2259-800x533.jpg\" width=\"333\" height=\"222\" srcset=\"http:\/\/gruene-lk-ks.de\/baunatal\/files\/2017\/03\/IMG_2259-800x533.jpg 800w, http:\/\/gruene-lk-ks.de\/baunatal\/files\/2017\/03\/IMG_2259-400x267.jpg 400w, http:\/\/gruene-lk-ks.de\/baunatal\/files\/2017\/03\/IMG_2259-768x512.jpg 768w, http:\/\/gruene-lk-ks.de\/baunatal\/files\/2017\/03\/IMG_2259-150x100.jpg 150w\" sizes=\"(max-width: 333px) 100vw, 333px\" \/><\/a><p class=\"wp-caption-text\">GR\u00dcNE Mandatstr\u00e4ger mit Brigitte Umbach im Foyer des MVZ<\/p><\/div>\n<p>Als Vertragseinrichtung der Rentenversicherung, der Krankenkassen und der Berufsgenossenschaften wird ambulante Rehabilitation angeboten, und das wohnortnah und ganzt\u00e4gig, inklusive gesundheitsbewusstem Mittagessen.<\/p>\n<p>Das Reha-Zentrum besteht seit 1996, anfangs im Gesundheitszentrum Baunatal und seit<\/p>\n<p>Mai 2012 im Geb\u00e4ude des MVZ Baunatal.<\/p>\n<p>Das Konzept MVZ Baunatal vereint fach\u00fcbergreifende Arztpraxen sowie angeschlossene Dienstleister und ist damit ein wichtiger Anlaufpunkt der medizinischen Betreuung in der Region nach operativen Eingriffen.<\/p>\n<p>In direkter N\u00e4he zum Sportkomplex Baunatal ans\u00e4ssig, schafft das MVZ Baunatal zudem eine unmittelbare Verzahnung von Medizin und Sport.<\/p>\n<p>&nbsp;<\/p>\n<p>Die n\u00e4chste <strong>GR\u00dcNE-Fraktionssitzung mit B\u00fcrgersprechstunde<\/strong> findet am Montag, den 20.03.2017, um 19 Uhr im Vereinshaus in Altenritte, Ritterstra\u00dfe 1, statt.<\/p>\n<p>Besuchen Sie uns doch einmal, wenn Sie ein Anliegen haben.<\/p>\n","protected":false},"excerpt":{"rendered":"<p>08.03.2017 Pressemitteilung Besuch Im REHA Zentrum Baunatal-Gro\u00dfenritte Der GR\u00dcNE Stadtrat J\u00fcrgen B\u00f6hme, der Fraktionsvorsitzende Edmund Borschel und sein Stellvertreter Lothar Rost besuchten am 01.03.2017 das ambulant arbeitende\u00a0 REHA Zentrum, eine&#8230; <\/p>\n","protected":false},"author":6,"featured_media":865,"comment_status":"closed","ping_status":"open","sticky":false,"template":"","format":"standard","meta":{"ngg_post_thumbnail":0},"categories":[1],"tags":[],"_links":{"self":[{"href":"http:\/\/gruene-lk-ks.de\/baunatal\/wp-json\/wp\/v2\/posts\/864"}],"collection":[{"href":"http:\/\/gruene-lk-ks.de\/baunatal\/wp-json\/wp\/v2\/posts"}],"about":[{"href":"http:\/\/gruene-lk-ks.de\/baunatal\/wp-json\/wp\/v2\/types\/post"}],"author":[{"embeddable":true,"href":"http:\/\/gruene-lk-ks.de\/baunatal\/wp-json\/wp\/v2\/users\/6"}],"replies":[{"embeddable":true,"href":"http:\/\/gruene-lk-ks.de\/baunatal\/wp-json\/wp\/v2\/comments?post=864"}],"version-history":[{"count":1,"href":"http:\/\/gruene-lk-ks.de\/baunatal\/wp-json\/wp\/v2\/posts\/864\/revisions"}],"predecessor-version":[{"id":866,"href":"http:\/\/gruene-lk-ks.de\/baunatal\/wp-json\/wp\/v2\/posts\/864\/revisions\/866"}],"wp:featuredmedia":[{"embeddable":true,"href":"http:\/\/gruene-lk-ks.de\/baunatal\/wp-json\/wp\/v2\/media\/865"}],"wp:attachment":[{"href":"http:\/\/gruene-lk-ks.de\/baunatal\/wp-json\/wp\/v2\/media?parent=864"}],"wp:term":[{"taxonomy":"category","embeddable":true,"href":"http:\/\/gruene-lk-ks.de\/baunatal\/wp-json\/wp\/v2\/categories?post=864"},{"taxonomy":"post_tag","embeddable":true,"href":"http:\/\/gruene-lk-ks.de\/baunatal\/wp-json\/wp\/v2\/tags?post=864"}],"curies":[{"name":"wp","href":"https:\/\/api.w.org\/{rel}","templated":true}]}}