{"id":878,"date":"2017-03-15T12:50:31","date_gmt":"2017-03-15T10:50:31","guid":{"rendered":"http:\/\/gruene-lk-ks.de\/baunatal\/?p=878"},"modified":"2017-03-21T12:54:10","modified_gmt":"2017-03-21T10:54:10","slug":"878-2","status":"publish","type":"post","link":"http:\/\/gruene-lk-ks.de\/baunatal\/878-2\/","title":{"rendered":"Jahreshauptversammlung der GR\u00dcNEN Baunatal"},"content":{"rendered":"<p style=\"text-align: right\">15.03.2017<\/p>\n<p>Pressemitteilung<\/p>\n<p><strong>Jahreshauptversammlung der GR\u00dcNEN Baunatal<\/strong><\/p>\n<p>Die Jahreshauptversammlung der GR\u00dcNEN Baunatal fand am 11.03.2017\u00a0 im Bistro \u201eAtempause\u201c in der KSV-Sportwelt mit einem Fr\u00fchst\u00fccksbuffet statt, an dem 15 Mitglieder und G\u00e4ste teilnahmen.<\/p>\n<div id=\"attachment_879\" class=\"wp-caption alignleft\" style=\"width: 333px\"><a class=\"fancybox\" rel=\"gallery878\" href=\"http:\/\/gruene-lk-ks.de\/baunatal\/files\/2017\/03\/IMG_2284.jpg\"><img loading=\"lazy\" class=\"wp-image-879\" src=\"http:\/\/gruene-lk-ks.de\/baunatal\/files\/2017\/03\/IMG_2284-800x533.jpg\" alt=\"\" width=\"333\" height=\"222\" srcset=\"http:\/\/gruene-lk-ks.de\/baunatal\/files\/2017\/03\/IMG_2284-800x533.jpg 800w, http:\/\/gruene-lk-ks.de\/baunatal\/files\/2017\/03\/IMG_2284-400x267.jpg 400w, http:\/\/gruene-lk-ks.de\/baunatal\/files\/2017\/03\/IMG_2284-768x512.jpg 768w, http:\/\/gruene-lk-ks.de\/baunatal\/files\/2017\/03\/IMG_2284-150x100.jpg 150w\" sizes=\"(max-width: 333px) 100vw, 333px\" \/><\/a><p class=\"wp-caption-text\">Ein gut gelaunter Vorstand begr\u00fc\u00dft die G\u00e4ste<\/p><\/div>\n<p>Der <strong>Vorstand<\/strong> <strong>Juliane Kothe und Lothar Rost <\/strong>berichtete zun\u00e4chst in seinem R\u00fcckblick zum vergangenen Jahr \u00fcber das gute Ergebnis bei der Kommunalwahl im M\u00e4rz 2016 mit 10,5 % f\u00fcr die GR\u00dcNEN in Baunatal und bedankte sich nochmals bei allen Wahlhelfern. Die Bundestagswahl im Herbst 2017 l\u00e4sst gr\u00fc\u00dfen! Ebenso wurde die gute Pressearbeit von Ede, J\u00fcrgen und Florian durch den Vorstand gelobt. Im letzten Jahr wurden auch wieder viele Besuche bei Firmen und sozialen Einrichtungen sowie Veranstaltungen durchgef\u00fchrt.<\/p>\n<p>Im Bericht des <strong>Fraktionsvorsitzenden Edmund Borschel <\/strong>fanden die zahlreichen GR\u00dcNEN Antr\u00e4ge und Aktivit\u00e4ten im Stadtparlament Erw\u00e4hnung mit den Schwerpunkten bezahlbare Mieten, Sozialwohnungsbau und effektiver Energieeinsatz in st\u00e4dtischen Geb\u00e4uden.<\/p>\n<div id=\"attachment_880\" class=\"wp-caption alignright\" style=\"width: 333px\"><a class=\"fancybox\" rel=\"gallery878\" href=\"http:\/\/gruene-lk-ks.de\/baunatal\/files\/2017\/03\/IMG_2300.jpg\"><img loading=\"lazy\" class=\"wp-image-880\" src=\"http:\/\/gruene-lk-ks.de\/baunatal\/files\/2017\/03\/IMG_2300-800x533.jpg\" alt=\"\" width=\"333\" height=\"222\" srcset=\"http:\/\/gruene-lk-ks.de\/baunatal\/files\/2017\/03\/IMG_2300-800x533.jpg 800w, http:\/\/gruene-lk-ks.de\/baunatal\/files\/2017\/03\/IMG_2300-400x267.jpg 400w, http:\/\/gruene-lk-ks.de\/baunatal\/files\/2017\/03\/IMG_2300-768x512.jpg 768w, http:\/\/gruene-lk-ks.de\/baunatal\/files\/2017\/03\/IMG_2300-150x100.jpg 150w\" sizes=\"(max-width: 333px) 100vw, 333px\" \/><\/a><p class=\"wp-caption-text\">Gr\u00fcne Baunatal 2017 \u2013 bunt und voller Tatendrang<\/p><\/div>\n<p>Nach dem Kassenbericht des <strong>Kassierers J\u00fcrgen B\u00f6hme<\/strong> \u00fcber die Einnahmen und Ausgaben f\u00fcr den Ortsverband dem Vorstand und Kassierer einstimmig Entlastung erteilt. Eine neue Ortsvereinssatzung wurde ebenfalls einstimmig angenommen und auf der GR\u00dcNEN \u00a0Homepage ver\u00f6ffentlicht.<\/p>\n<p>Die <strong>Fraktionsvorsitzende im Kreistag Monika Woizeschke-Br\u00fcck<\/strong> berichtete abschlie\u00dfend \u00fcber die GR\u00dcNEN-Aktivit\u00e4ten im Kreis, vor allem im Bereich der E-Mobilit\u00e4t, zum Tier- und\u00a0 Klimaschutz sowie einer umweltschonenden Landwirtschaft<\/p>\n<p>Im Jahr 2017 sind folgende <strong>Veranstaltungen der GR\u00dcNEN &#8211; Baunatal <\/strong>geplant:<\/p>\n<ul>\n<li><strong>Filmvorf\u00fchrung \u201eBauen mit der Energiewende\u201c<\/strong> am Samstag, den 29.04.2017<\/li>\n<\/ul>\n<p>im Cineplex-Kino Baunatal mit weiteren Programmpunkten.<\/p>\n<ul>\n<li><strong>GR\u00dcNES -Sommerfest <\/strong>im GR\u00dcNEN am Sonntag, 11.06.2017, in der Grillh\u00fctte Hertingshausen mit vielen Aktivit\u00e4ten f\u00fcr die ganze Familie.<\/li>\n<li><strong>Fr\u00fchlings-Wanderung<\/strong> mit unserem neuen Mitglied Juri St\u00f6lzner.<\/li>\n<li>Bew\u00e4hrtes <strong>K\u00fcrbisfest<\/strong> im Herbst bei Juliane in der M\u00fchle in Guntershausen.<\/li>\n<\/ul>\n<p>Die n\u00e4chste <strong>GR\u00dcNE-Fraktionssitzung mit B\u00fcrgersprechstunde<\/strong> findet am Montag,\u00a0den 20.03.2017, um 19.00 Uhr, im Vereinshaus in Altenritte, Ritterstra\u00dfe 1, statt.<\/p>\n","protected":false},"excerpt":{"rendered":"<p>15.03.2017 Pressemitteilung Jahreshauptversammlung der GR\u00dcNEN Baunatal Die Jahreshauptversammlung der GR\u00dcNEN Baunatal fand am 11.03.2017\u00a0 im Bistro \u201eAtempause\u201c in der KSV-Sportwelt mit einem Fr\u00fchst\u00fccksbuffet statt, an dem 15 Mitglieder und G\u00e4ste&#8230; <\/p>\n","protected":false},"author":6,"featured_media":880,"comment_status":"closed","ping_status":"open","sticky":false,"template":"","format":"standard","meta":{"ngg_post_thumbnail":0},"categories":[1],"tags":[],"_links":{"self":[{"href":"http:\/\/gruene-lk-ks.de\/baunatal\/wp-json\/wp\/v2\/posts\/878"}],"collection":[{"href":"http:\/\/gruene-lk-ks.de\/baunatal\/wp-json\/wp\/v2\/posts"}],"about":[{"href":"http:\/\/gruene-lk-ks.de\/baunatal\/wp-json\/wp\/v2\/types\/post"}],"author":[{"embeddable":true,"href":"http:\/\/gruene-lk-ks.de\/baunatal\/wp-json\/wp\/v2\/users\/6"}],"replies":[{"embeddable":true,"href":"http:\/\/gruene-lk-ks.de\/baunatal\/wp-json\/wp\/v2\/comments?post=878"}],"version-history":[{"count":2,"href":"http:\/\/gruene-lk-ks.de\/baunatal\/wp-json\/wp\/v2\/posts\/878\/revisions"}],"predecessor-version":[{"id":882,"href":"http:\/\/gruene-lk-ks.de\/baunatal\/wp-json\/wp\/v2\/posts\/878\/revisions\/882"}],"wp:featuredmedia":[{"embeddable":true,"href":"http:\/\/gruene-lk-ks.de\/baunatal\/wp-json\/wp\/v2\/media\/880"}],"wp:attachment":[{"href":"http:\/\/gruene-lk-ks.de\/baunatal\/wp-json\/wp\/v2\/media?parent=878"}],"wp:term":[{"taxonomy":"category","embeddable":true,"href":"http:\/\/gruene-lk-ks.de\/baunatal\/wp-json\/wp\/v2\/categories?post=878"},{"taxonomy":"post_tag","embeddable":true,"href":"http:\/\/gruene-lk-ks.de\/baunatal\/wp-json\/wp\/v2\/tags?post=878"}],"curies":[{"name":"wp","href":"https:\/\/api.w.org\/{rel}","templated":true}]}}