{"id":883,"date":"2017-03-30T00:56:27","date_gmt":"2017-03-29T22:56:27","guid":{"rendered":"http:\/\/gruene-lk-ks.de\/baunatal\/?p=883"},"modified":"2017-03-26T21:57:57","modified_gmt":"2017-03-26T19:57:57","slug":"im-gespraech-mit-fachberatung-wohnen","status":"publish","type":"post","link":"http:\/\/gruene-lk-ks.de\/baunatal\/im-gespraech-mit-fachberatung-wohnen\/","title":{"rendered":"Im Gespr\u00e4ch mit Fachberatung \u201cWohnen\u201c"},"content":{"rendered":"<p style=\"text-align: right\">30.03.2017<\/p>\n<p>Pressemitteilung<\/p>\n<p><strong>Im Gespr\u00e4ch mit Fachberatung \u201cWohnen\u201c\u00a0 <\/strong><\/p>\n<p>Der GR\u00dcNE Fraktionsvorsitzende Edmund Borschel und sein Fraktionskollege Lothar Rost besuchten Anfang M\u00e4rz 2017 die Fachberatungsstelle Wohnen des Diakonischen Werkes Region Kassel im \u201eMarkt 5\u201c\u00a0 in Baunatal und f\u00fchrten ein Gespr\u00e4ch mit dem Bereichsleiter f\u00fcr Wohnen und Abh\u00e4ngigkeit, Herrn Martin Schenker, und der Sozialarbeiterin, Frau Simone Partl.<\/p>\n<p>Das Angebot der Beratungsstelle richtet sich an alle Familien und Einzelpersonen, die von Wohnungsverlust bedroht sind oder die in unzumutbaren sowie finanziell nicht angepassten Wohnverh\u00e4ltnissen leben.<\/p>\n<p>Die offene Sprechstunde wird von Frau Partl jeden Donnerstag von 10.00 bis 12.00 Uhr angeboten und steht Betroffenen ohne Voranmeldung im Haus der Begegnung\u00a0 \u201cMarkt 5\u201c zur Verf\u00fcgung.<\/p>\n","protected":false},"excerpt":{"rendered":"<p>30.03.2017 Pressemitteilung Im Gespr\u00e4ch mit Fachberatung \u201cWohnen\u201c\u00a0 Der GR\u00dcNE Fraktionsvorsitzende Edmund Borschel und sein Fraktionskollege Lothar Rost besuchten Anfang M\u00e4rz 2017 die Fachberatungsstelle Wohnen des Diakonischen Werkes Region Kassel im&#8230; <\/p>\n","protected":false},"author":6,"featured_media":0,"comment_status":"closed","ping_status":"open","sticky":false,"template":"","format":"standard","meta":{"ngg_post_thumbnail":0},"categories":[1],"tags":[],"_links":{"self":[{"href":"http:\/\/gruene-lk-ks.de\/baunatal\/wp-json\/wp\/v2\/posts\/883"}],"collection":[{"href":"http:\/\/gruene-lk-ks.de\/baunatal\/wp-json\/wp\/v2\/posts"}],"about":[{"href":"http:\/\/gruene-lk-ks.de\/baunatal\/wp-json\/wp\/v2\/types\/post"}],"author":[{"embeddable":true,"href":"http:\/\/gruene-lk-ks.de\/baunatal\/wp-json\/wp\/v2\/users\/6"}],"replies":[{"embeddable":true,"href":"http:\/\/gruene-lk-ks.de\/baunatal\/wp-json\/wp\/v2\/comments?post=883"}],"version-history":[{"count":1,"href":"http:\/\/gruene-lk-ks.de\/baunatal\/wp-json\/wp\/v2\/posts\/883\/revisions"}],"predecessor-version":[{"id":884,"href":"http:\/\/gruene-lk-ks.de\/baunatal\/wp-json\/wp\/v2\/posts\/883\/revisions\/884"}],"wp:attachment":[{"href":"http:\/\/gruene-lk-ks.de\/baunatal\/wp-json\/wp\/v2\/media?parent=883"}],"wp:term":[{"taxonomy":"category","embeddable":true,"href":"http:\/\/gruene-lk-ks.de\/baunatal\/wp-json\/wp\/v2\/categories?post=883"},{"taxonomy":"post_tag","embeddable":true,"href":"http:\/\/gruene-lk-ks.de\/baunatal\/wp-json\/wp\/v2\/tags?post=883"}],"curies":[{"name":"wp","href":"https:\/\/api.w.org\/{rel}","templated":true}]}}