{"id":885,"date":"2017-03-26T22:02:24","date_gmt":"2017-03-26T20:02:24","guid":{"rendered":"http:\/\/gruene-lk-ks.de\/baunatal\/?p=885"},"modified":"2017-03-26T22:20:34","modified_gmt":"2017-03-26T20:20:34","slug":"gruene-besuchen-das-gruene-sosse-fest","status":"publish","type":"post","link":"http:\/\/gruene-lk-ks.de\/baunatal\/gruene-besuchen-das-gruene-sosse-fest\/","title":{"rendered":"GR\u00dcNE besuchen das \u201cGR\u00dcNE So\u00dfe-Fest\u201c"},"content":{"rendered":"<p style=\"text-align: right\">26.03.2017<\/p>\n<p>Pressemitteilung<\/p>\n<p><strong>GR\u00dcNE besuchen das \u201cGR\u00dcNE So\u00dfe-Fest\u201c<\/strong><\/p>\n<div id=\"attachment_886\" class=\"wp-caption alignleft\" style=\"width: 333px\"><a class=\"fancybox\" rel=\"gallery885\" href=\"http:\/\/gruene-lk-ks.de\/baunatal\/files\/2017\/03\/IMG_05221.jpg\"><img loading=\"lazy\" class=\"wp-image-886\" src=\"http:\/\/gruene-lk-ks.de\/baunatal\/files\/2017\/03\/IMG_05221-800x600.jpg\" alt=\"\" width=\"333\" height=\"250\" srcset=\"http:\/\/gruene-lk-ks.de\/baunatal\/files\/2017\/03\/IMG_05221-800x600.jpg 800w, http:\/\/gruene-lk-ks.de\/baunatal\/files\/2017\/03\/IMG_05221-400x300.jpg 400w, http:\/\/gruene-lk-ks.de\/baunatal\/files\/2017\/03\/IMG_05221-768x576.jpg 768w, http:\/\/gruene-lk-ks.de\/baunatal\/files\/2017\/03\/IMG_05221-150x113.jpg 150w\" sizes=\"(max-width: 333px) 100vw, 333px\" \/><\/a><p class=\"wp-caption-text\">Mit Musik beim Essen<\/p><\/div>\n<p>Am Wochenende fand auf dem Baunataler Wochenmarkt das Gr\u00fcne So\u00dfe Fest statt und bei sonnigem Wetter und milden Temperaturen genossen zahlreiche Besucher das Angebot mit Musik und\u00a0 frischer Gr\u00fcner So\u00dfe.\u00a0 Am Stand war den ganzen Morgen \u00fcber reger Betrieb und beim Schlangestehen war oft Geduld gefragt, bevor das typisch hessische Fr\u00fchlingsgericht\u00a0 geordert werden konnte. Nat\u00fcrlich lie\u00dfen sich die GR\u00dcNEN Mandatstr\u00e4ger Lothar Rost und Edmund Borschel\u00a0 die gute Stimmung und das Angebot auch nicht entgehen.<\/p>\n<div id=\"attachment_887\" class=\"wp-caption alignright\" style=\"width: 333px\"><a class=\"fancybox\" rel=\"gallery885\" href=\"http:\/\/gruene-lk-ks.de\/baunatal\/files\/2017\/03\/IMG_2362.jpg\"><img loading=\"lazy\" class=\"wp-image-887\" src=\"http:\/\/gruene-lk-ks.de\/baunatal\/files\/2017\/03\/IMG_2362-800x533.jpg\" alt=\"\" width=\"333\" height=\"222\" srcset=\"http:\/\/gruene-lk-ks.de\/baunatal\/files\/2017\/03\/IMG_2362-800x533.jpg 800w, http:\/\/gruene-lk-ks.de\/baunatal\/files\/2017\/03\/IMG_2362-400x267.jpg 400w, http:\/\/gruene-lk-ks.de\/baunatal\/files\/2017\/03\/IMG_2362-768x512.jpg 768w, http:\/\/gruene-lk-ks.de\/baunatal\/files\/2017\/03\/IMG_2362-150x100.jpg 150w\" sizes=\"(max-width: 333px) 100vw, 333px\" \/><\/a><p class=\"wp-caption-text\">Lange Schlangen am Gr\u00fcne So\u00dfe Stand<\/p><\/div>\n<p>Aktionen wie diese zeigen, dass der Baunataler Wochenmarkt wie seit Jahren hervorragend angenommen wird und einer der erfolgreichsten und gut frequentierten in Nordhessen ist.<\/p>\n<p>&nbsp;<\/p>\n<p>&nbsp;<\/p>\n<p>Die n\u00e4chste <strong>GR\u00dcNE-Fraktionssitzung mit B\u00fcrgersprechstunde<\/strong> findet am Montag,\u00a0den 24.04.2017, um 19.00 Uhr, im Vereinshaus in Altenritte, Ritterstra\u00dfe 1, statt.<strong>\u00a0<\/strong><\/p>\n<p>&nbsp;<\/p>\n","protected":false},"excerpt":{"rendered":"<p>26.03.2017 Pressemitteilung GR\u00dcNE besuchen das \u201cGR\u00dcNE So\u00dfe-Fest\u201c Am Wochenende fand auf dem Baunataler Wochenmarkt das Gr\u00fcne So\u00dfe Fest statt und bei sonnigem Wetter und milden Temperaturen genossen zahlreiche Besucher das&#8230; <\/p>\n","protected":false},"author":6,"featured_media":887,"comment_status":"closed","ping_status":"open","sticky":false,"template":"","format":"standard","meta":{"ngg_post_thumbnail":0},"categories":[1],"tags":[],"_links":{"self":[{"href":"http:\/\/gruene-lk-ks.de\/baunatal\/wp-json\/wp\/v2\/posts\/885"}],"collection":[{"href":"http:\/\/gruene-lk-ks.de\/baunatal\/wp-json\/wp\/v2\/posts"}],"about":[{"href":"http:\/\/gruene-lk-ks.de\/baunatal\/wp-json\/wp\/v2\/types\/post"}],"author":[{"embeddable":true,"href":"http:\/\/gruene-lk-ks.de\/baunatal\/wp-json\/wp\/v2\/users\/6"}],"replies":[{"embeddable":true,"href":"http:\/\/gruene-lk-ks.de\/baunatal\/wp-json\/wp\/v2\/comments?post=885"}],"version-history":[{"count":5,"href":"http:\/\/gruene-lk-ks.de\/baunatal\/wp-json\/wp\/v2\/posts\/885\/revisions"}],"predecessor-version":[{"id":898,"href":"http:\/\/gruene-lk-ks.de\/baunatal\/wp-json\/wp\/v2\/posts\/885\/revisions\/898"}],"wp:featuredmedia":[{"embeddable":true,"href":"http:\/\/gruene-lk-ks.de\/baunatal\/wp-json\/wp\/v2\/media\/887"}],"wp:attachment":[{"href":"http:\/\/gruene-lk-ks.de\/baunatal\/wp-json\/wp\/v2\/media?parent=885"}],"wp:term":[{"taxonomy":"category","embeddable":true,"href":"http:\/\/gruene-lk-ks.de\/baunatal\/wp-json\/wp\/v2\/categories?post=885"},{"taxonomy":"post_tag","embeddable":true,"href":"http:\/\/gruene-lk-ks.de\/baunatal\/wp-json\/wp\/v2\/tags?post=885"}],"curies":[{"name":"wp","href":"https:\/\/api.w.org\/{rel}","templated":true}]}}