{"id":904,"date":"2017-04-14T15:09:14","date_gmt":"2017-04-14T13:09:14","guid":{"rendered":"http:\/\/gruene-lk-ks.de\/baunatal\/?p=904"},"modified":"2017-04-14T15:09:14","modified_gmt":"2017-04-14T13:09:14","slug":"gruene-besuchen-breitband-nordhessen-gmbh","status":"publish","type":"post","link":"http:\/\/gruene-lk-ks.de\/baunatal\/gruene-besuchen-breitband-nordhessen-gmbh\/","title":{"rendered":"GR\u00dcNE besuchen Breitband Nordhessen GmbH"},"content":{"rendered":"<p style=\"text-align: right\">19.04.2017<\/p>\n<p>Pressemitteilung<\/p>\n<p><strong>GR\u00dcNE besuchen Breitband Nordhessen GmbH<\/strong><\/p>\n<div id=\"attachment_905\" class=\"wp-caption alignright\" style=\"width: 333px\"><a class=\"fancybox\" rel=\"gallery904\" href=\"http:\/\/gruene-lk-ks.de\/baunatal\/files\/2017\/04\/IMG_2553.jpg\"><img loading=\"lazy\" class=\"wp-image-905\" src=\"http:\/\/gruene-lk-ks.de\/baunatal\/files\/2017\/04\/IMG_2553-800x533.jpg\" alt=\"\" width=\"333\" height=\"222\" srcset=\"http:\/\/gruene-lk-ks.de\/baunatal\/files\/2017\/04\/IMG_2553-800x533.jpg 800w, http:\/\/gruene-lk-ks.de\/baunatal\/files\/2017\/04\/IMG_2553-400x267.jpg 400w, http:\/\/gruene-lk-ks.de\/baunatal\/files\/2017\/04\/IMG_2553-768x512.jpg 768w, http:\/\/gruene-lk-ks.de\/baunatal\/files\/2017\/04\/IMG_2553-150x100.jpg 150w\" sizes=\"(max-width: 333px) 100vw, 333px\" \/><\/a><p class=\"wp-caption-text\">Kathrin Laurier (Mitte) erl\u00e4utert den Kreistagsabgeordneten Susanne Regier und Edmund Borschel das Netzgebiet<\/p><\/div>\n<p>Nach der \u00dcbergabe des F\u00f6rderbescheids in H\u00f6he von 20 Mio. EURO aus dem \u201cEurop\u00e4ischen Landwirtschaftsfonds f\u00fcr die Entwicklung des l\u00e4ndlichen Raums\u201c (ELER) durch den hessischen Wirtschaftsmininister Tarek al-Wazir (GR\u00dcNE) an die Breitband Nordhessen GmbH im Februar 2017 in Kassel l\u00e4uft nun die Umsetzung mit dem Bau der Trassen f\u00fcr das\u00a0 Glasfasernetz durch den Generalunternehmer Wiegand Bau. Auch im Landkreis Kassel geht es z\u00fcgig voran, u.a. von <strong>Baunatal-Gro\u00dfenritte bis Schauenburg-Elgershausen und Hoof<\/strong>. Daher wollte\u00a0 sich der GR\u00dcNE <strong>Fraktionsvorsitzende Edmund Borschel <\/strong>Anfang April bei einem Gespr\u00e4ch mit der Gesch\u00e4ftsf\u00fchrerin der Breitband GmbH, Frau Kathrin Laurier, pers\u00f6nlich informieren, wie die weitere Planung aussieht.<\/p>\n<p>Der Ausbau des schnellen Glasfasernetzes soll helfen die\u00a0 Informations- und Kommunikationstechnologie in den 5 nordhessischen Landkreisen voranzutreiben, sowohl f\u00fcr Privathaushalte als auch Unternehmen, wie u.a. von der Baunataler Wirtschaftsgemeinschaft gefordert, besonders im bisher unterversorgten l\u00e4ndlichen Raum.<\/p>\n<p>Nach dem Verlegen der Leerrohre in verschiedenen Bauabschnitten werden in Kooperation mit der Netcom Kassel 575 Ortsteile auf einer Fl\u00e4che von 6980 km\u00b2 mit insgesamt 2.200 km Glasfaserkabel bis zu den jeweiligen Kabelverzweigern angeschlossen mit einer \u00dcbertragungskapazit\u00e4t von 50-100 MBit pro Sek.. Dieses Netz geh\u00f6rt dann den 5 Landkreisen und soll als Infrastrukturma\u00dfnahme das Highspeed Internet auch in kleinere D\u00f6rfer bringen, was von den GR\u00dcNEN im Landkreis ausdr\u00fccklich begr\u00fc\u00dft wird, u.a. durch die <strong>Vorstandssprecherin<\/strong> der GR\u00dcNEN im Kreis, <strong>Susanne Regier<\/strong>. Die Gesamtinvestitionssumme f\u00fcr diese Ma\u00dfnahme betr\u00e4gt 128 Mio. Euro und wird durch die landeseigene WIBank mit einer B\u00fcrgschaft abgesichert. Um die \u00dcbertragungskapazit\u00e4t von elektrischen zu optischen Signalen auf bis zu 500 MBit erh\u00f6hen zu k\u00f6nnen, bedarf es einer Vectoring Genehmigung durch die EU. Dieses \u201eHyperInternet\u201c steht schon in einigen europ\u00e4ischen L\u00e4ndern breitfl\u00e4chig bereit, allerdings sind in Deutschland aktuell erst 1,5% der Haushalte an das Glasfasernetz angeschlossen. Hier besteht also dringender Handlungsbedarf.<\/p>\n","protected":false},"excerpt":{"rendered":"<p>19.04.2017 Pressemitteilung GR\u00dcNE besuchen Breitband Nordhessen GmbH Nach der \u00dcbergabe des F\u00f6rderbescheids in H\u00f6he von 20 Mio. EURO aus dem \u201cEurop\u00e4ischen Landwirtschaftsfonds f\u00fcr die Entwicklung des l\u00e4ndlichen Raums\u201c (ELER) durch&#8230; <\/p>\n","protected":false},"author":6,"featured_media":0,"comment_status":"closed","ping_status":"open","sticky":false,"template":"","format":"standard","meta":{"ngg_post_thumbnail":0},"categories":[1],"tags":[],"_links":{"self":[{"href":"http:\/\/gruene-lk-ks.de\/baunatal\/wp-json\/wp\/v2\/posts\/904"}],"collection":[{"href":"http:\/\/gruene-lk-ks.de\/baunatal\/wp-json\/wp\/v2\/posts"}],"about":[{"href":"http:\/\/gruene-lk-ks.de\/baunatal\/wp-json\/wp\/v2\/types\/post"}],"author":[{"embeddable":true,"href":"http:\/\/gruene-lk-ks.de\/baunatal\/wp-json\/wp\/v2\/users\/6"}],"replies":[{"embeddable":true,"href":"http:\/\/gruene-lk-ks.de\/baunatal\/wp-json\/wp\/v2\/comments?post=904"}],"version-history":[{"count":3,"href":"http:\/\/gruene-lk-ks.de\/baunatal\/wp-json\/wp\/v2\/posts\/904\/revisions"}],"predecessor-version":[{"id":908,"href":"http:\/\/gruene-lk-ks.de\/baunatal\/wp-json\/wp\/v2\/posts\/904\/revisions\/908"}],"wp:attachment":[{"href":"http:\/\/gruene-lk-ks.de\/baunatal\/wp-json\/wp\/v2\/media?parent=904"}],"wp:term":[{"taxonomy":"category","embeddable":true,"href":"http:\/\/gruene-lk-ks.de\/baunatal\/wp-json\/wp\/v2\/categories?post=904"},{"taxonomy":"post_tag","embeddable":true,"href":"http:\/\/gruene-lk-ks.de\/baunatal\/wp-json\/wp\/v2\/tags?post=904"}],"curies":[{"name":"wp","href":"https:\/\/api.w.org\/{rel}","templated":true}]}}