{"id":927,"date":"2017-05-22T10:38:01","date_gmt":"2017-05-22T08:38:01","guid":{"rendered":"http:\/\/gruene-lk-ks.de\/baunatal\/?p=927"},"modified":"2017-05-22T10:38:01","modified_gmt":"2017-05-22T08:38:01","slug":"gemeinsam-durch-die-natur-wanderung-durchs-bauna-tal","status":"publish","type":"post","link":"http:\/\/gruene-lk-ks.de\/baunatal\/gemeinsam-durch-die-natur-wanderung-durchs-bauna-tal\/","title":{"rendered":"Gemeinsam durch die Natur. Wanderung durch\u2018s  Bauna-Tal"},"content":{"rendered":"<p><strong>Gemeinsam durch die Natur. Wanderung durch\u2018s\u00a0 Bauna-Tal<\/strong><\/p>\n<p>Wir laden sie herzlich ein, uns bei einer kurzen Wanderung durch das Tal der Bauna zu begleiten.<\/p>\n<p>Gemeinsam wollen wir den das Tal umgebenden Wald, unter der Anleitung eines erfahrenen Biologen, erkunden. Am <strong>Samstag den 27.05.17<\/strong> laden wir Jung und Alt ein, einzutauchen in das Naherholungsgebiet Wald. Bei dieser Gelegenheit m\u00f6chten wir ihnen die Natur \u201edirekt vor unserer Haust\u00fcre\u201c n\u00e4herbringen, ihr Interesse wecken und ihnen eine M\u00f6glichkeit vorstellen, einen anstrengenden Alltag in der heutigen Leistungsgesellschaft zu entschleunigen. Das Wissen unserer Gro\u00dfeltern \u00fcber die heimische Natur und ihre Lebewesen geht zunehmend verloren. Wir m\u00f6chten daher einen kleinen Beitrag leisten und zusammen mit ihnen die h\u00e4ufigsten Vogelstimmen, die Unterschiede einheimischer Baumarten und viele weitere spannende Details zum \u00d6kosystem Wald entdecken. Auf einer etwa 5 km langen Strecke werden wir an mehreren Stationen pausieren, um V\u00f6gel zu beobachten oder \u00fcber andere Lebewesen, deren Wohnst\u00e4tten und Verhaltensweisen zu informieren. Daneben sprechen wir auch \u00fcber den Nutzen des Waldes f\u00fcr den Menschen in Vergangenheit, Gegenwart und Zukunft. Besonders spannend f\u00fcr unsere jungen Naturfreunde wird es sein, zu erfahren wie unsere Vorfahren in der Steinzeit Feuer machten und es im Anschluss selbst zu versuchen.<\/p>\n<p>Falls wir ihr Interesse wecken konnten, w\u00fcrden wir uns sehr freuen sie <strong>am 27.05.17<\/strong> zu sehen. Wir treffen uns <strong>um 15:00 Uhr an der \u201eAlten Wasserm\u00fchle\u201c im Ortsteil Guntershausen<\/strong> und wandern von dort gemeinsam los. Bitte denken sie an wetterfeste Kleidung, festes Schuhwerk und etwas Proviant f\u00fcr unterwegs. Nach etwa 3 Stunden kommen wir <strong>um ca. 18:00 Uhr wieder an der \u201eAlten Wasswerm\u00fchle\u201c an<\/strong>. Im Anschluss wird dort gegrillt und wir k\u00f6nnen einen sch\u00f6nen Tag gemeinsam ausklingen lassen.<\/p>\n<p>Im Fall von Dauerregen wird ein Naturfilm, der im Rahmen eines studentischen Filmprojekts entstanden ist, mit Live-Kommentar als Ausweichprogramm vorgef\u00fchrt. Der Film zeigt exemplarisch an einem Wald bei Wolfhagen die Sch\u00f6nheit der uns umgebenden Natur und was man mit etwas Geduld alles entdecken kann.<\/p>\n<p>&nbsp;<\/p>\n<p>&nbsp;<\/p>\n<p>&nbsp;<\/p>\n<p>&nbsp;<\/p>\n<p>&nbsp;<\/p>\n<p><strong>\u00a0<\/strong><\/p>\n<p>&nbsp;<\/p>\n","protected":false},"excerpt":{"rendered":"<p>Gemeinsam durch die Natur. Wanderung durch\u2018s\u00a0 Bauna-Tal Wir laden sie herzlich ein, uns bei einer kurzen Wanderung durch das Tal der Bauna zu begleiten. Gemeinsam wollen wir den das Tal&#8230; <\/p>\n","protected":false},"author":6,"featured_media":928,"comment_status":"closed","ping_status":"open","sticky":false,"template":"","format":"standard","meta":{"ngg_post_thumbnail":0},"categories":[1],"tags":[],"_links":{"self":[{"href":"http:\/\/gruene-lk-ks.de\/baunatal\/wp-json\/wp\/v2\/posts\/927"}],"collection":[{"href":"http:\/\/gruene-lk-ks.de\/baunatal\/wp-json\/wp\/v2\/posts"}],"about":[{"href":"http:\/\/gruene-lk-ks.de\/baunatal\/wp-json\/wp\/v2\/types\/post"}],"author":[{"embeddable":true,"href":"http:\/\/gruene-lk-ks.de\/baunatal\/wp-json\/wp\/v2\/users\/6"}],"replies":[{"embeddable":true,"href":"http:\/\/gruene-lk-ks.de\/baunatal\/wp-json\/wp\/v2\/comments?post=927"}],"version-history":[{"count":2,"href":"http:\/\/gruene-lk-ks.de\/baunatal\/wp-json\/wp\/v2\/posts\/927\/revisions"}],"predecessor-version":[{"id":930,"href":"http:\/\/gruene-lk-ks.de\/baunatal\/wp-json\/wp\/v2\/posts\/927\/revisions\/930"}],"wp:featuredmedia":[{"embeddable":true,"href":"http:\/\/gruene-lk-ks.de\/baunatal\/wp-json\/wp\/v2\/media\/928"}],"wp:attachment":[{"href":"http:\/\/gruene-lk-ks.de\/baunatal\/wp-json\/wp\/v2\/media?parent=927"}],"wp:term":[{"taxonomy":"category","embeddable":true,"href":"http:\/\/gruene-lk-ks.de\/baunatal\/wp-json\/wp\/v2\/categories?post=927"},{"taxonomy":"post_tag","embeddable":true,"href":"http:\/\/gruene-lk-ks.de\/baunatal\/wp-json\/wp\/v2\/tags?post=927"}],"curies":[{"name":"wp","href":"https:\/\/api.w.org\/{rel}","templated":true}]}}