{"id":941,"date":"2017-06-23T10:48:01","date_gmt":"2017-06-23T08:48:01","guid":{"rendered":"http:\/\/gruene-lk-ks.de\/baunatal\/?p=941"},"modified":"2017-06-23T10:49:46","modified_gmt":"2017-06-23T08:49:46","slug":"gute-resonanz-bei-der-wanderung-durchs-bauna-tal-in-guntershausen","status":"publish","type":"post","link":"http:\/\/gruene-lk-ks.de\/baunatal\/gute-resonanz-bei-der-wanderung-durchs-bauna-tal-in-guntershausen\/","title":{"rendered":"Gute Resonanz bei der Wanderung durchs Bauna-Tal in Guntershausen"},"content":{"rendered":"<p style=\"text-align: right\">Juni 2017<\/p>\n<h5>GR\u00dcNE Baunatal PM<\/h5>\n<h2>Gute Resonanz bei der Wanderung durchs Bauna-Tal in Guntershausen<\/h2>\n<div id=\"attachment_943\" class=\"wp-caption alignright\" style=\"width: 333px\"><a class=\"fancybox\" rel=\"gallery941\" href=\"http:\/\/gruene-lk-ks.de\/baunatal\/files\/2017\/06\/IMG_3241-e1498207550237.jpg\"><img loading=\"lazy\" class=\"wp-image-943\" src=\"http:\/\/gruene-lk-ks.de\/baunatal\/files\/2017\/06\/IMG_3241-e1498207550237-800x1200.jpg\" alt=\"\" width=\"333\" height=\"500\" srcset=\"http:\/\/gruene-lk-ks.de\/baunatal\/files\/2017\/06\/IMG_3241-e1498207550237-800x1200.jpg 800w, http:\/\/gruene-lk-ks.de\/baunatal\/files\/2017\/06\/IMG_3241-e1498207550237-400x600.jpg 400w, http:\/\/gruene-lk-ks.de\/baunatal\/files\/2017\/06\/IMG_3241-e1498207550237-768x1152.jpg 768w, http:\/\/gruene-lk-ks.de\/baunatal\/files\/2017\/06\/IMG_3241-e1498207550237-100x150.jpg 100w\" sizes=\"(max-width: 333px) 100vw, 333px\" \/><\/a><p class=\"wp-caption-text\">Fuchs- oder Dachsbau? &#8211; Die J\u00fcngsten durften erkunden.<\/p><\/div>\n<p>Trotz heisser Temperaturen begaben wir uns mit 18 unentwegten Wanderern auf Entdeckungstour in den Guntersh\u00e4user Wald, um unter der Anleitung eines erfahrenen Biologen Fauna und Flora zu erkunden. Am Samstag den 27.05.17 tauchten wir gleich oberhalb der <strong>Alten Wasserm\u00fchle<\/strong> in das Naherholungsgebiet Wald ein und waren erstaunt, wie angenehm k\u00fchl pl\u00f6tzlich das Klima war. Der Diplom Biologe Juri St\u00f6lzner konnte uns sein Wissen \u00fcber die heimische Natur und ihre Lebewesen an mehreren Stationen eindrucksvoll vermitteln. So standen die h\u00e4ufigsten Vogelstimmen, das Kennelernen verschiedener einheimischer Baumarten und viele weitere spannende Details zum \u00d6kosystem Wald auf dem Programm.<\/p>\n<p>Auf einer etwa 5 km langen Strecke konnten wir V\u00f6gel beobachten oder uns \u00fcber andere Lebewesen wie Fuchs, Dachs Specht und Habicht sowie deren Wohnst\u00e4tten und Verhaltensweisen informieren. Daneben sprachen wir auch \u00fcber den Nutzen des Waldes f\u00fcr den Menschen in Vergangenheit, Gegenwart und Zukunft. Forstwirtschaft, Jagd und neuerdings Nutzung der Windenergie in Waldgebieten boten dabei Gespr\u00e4chsanl\u00e4sse, die durchaus kontrovers gef\u00fchrt wurden. Besonders spannend war am Ende der dreist\u00fcndigen Tour nicht nur f\u00fcr unsere jungen Naturfreunde zu erfahren, wie unsere Vorfahren in der Steinzeit Feuer machten und es selbst zu versuchen.<\/p>\n<div id=\"attachment_944\" class=\"wp-caption alignleft\" style=\"width: 333px\"><a class=\"fancybox\" rel=\"gallery941\" href=\"http:\/\/gruene-lk-ks.de\/baunatal\/files\/2017\/06\/IMG_3255.jpg\"><img loading=\"lazy\" class=\"wp-image-944\" src=\"http:\/\/gruene-lk-ks.de\/baunatal\/files\/2017\/06\/IMG_3255-800x533.jpg\" alt=\"\" width=\"333\" height=\"222\" srcset=\"http:\/\/gruene-lk-ks.de\/baunatal\/files\/2017\/06\/IMG_3255-800x533.jpg 800w, http:\/\/gruene-lk-ks.de\/baunatal\/files\/2017\/06\/IMG_3255-400x267.jpg 400w, http:\/\/gruene-lk-ks.de\/baunatal\/files\/2017\/06\/IMG_3255-768x512.jpg 768w, http:\/\/gruene-lk-ks.de\/baunatal\/files\/2017\/06\/IMG_3255-150x100.jpg 150w\" sizes=\"(max-width: 333px) 100vw, 333px\" \/><\/a><p class=\"wp-caption-text\">Ein k\u00fchler Rast- und Vogelbeobachtungsplatz<\/p><\/div>\n<p>Einen tollen Abschluss fand der Nachmittag, als wir abends bei Juliane in der \u201eAlten Wasserm\u00fchle\u201c bei Gegrilltem und exotischen Speisen von Kamela, Dzemila und J\u00fcrgen sowie Besuch von weiteren G\u00e4sten den Tag ausklingen liessen. Wir danken Juliane f\u00fcr das wunderbar-rustikale Scheunenambiente sowie Juri f\u00fcr seine sachkundige und lebendige Begleitung auf der Exkursion und freuen uns schon heute auf die n\u00e4chste Tour mit ihm, unserem neuesten Baunataler GR\u00dcNEN Mitglied, wenn dann die Erkundung der Flederm\u00e4use ansteht.<\/p>\n","protected":false},"excerpt":{"rendered":"<p>Juni 2017 GR\u00dcNE Baunatal PM Gute Resonanz bei der Wanderung durchs Bauna-Tal in Guntershausen Trotz heisser Temperaturen begaben wir uns mit 18 unentwegten Wanderern auf Entdeckungstour in den Guntersh\u00e4user Wald,&#8230; <\/p>\n","protected":false},"author":6,"featured_media":944,"comment_status":"closed","ping_status":"open","sticky":false,"template":"","format":"standard","meta":{"ngg_post_thumbnail":0},"categories":[1],"tags":[],"_links":{"self":[{"href":"http:\/\/gruene-lk-ks.de\/baunatal\/wp-json\/wp\/v2\/posts\/941"}],"collection":[{"href":"http:\/\/gruene-lk-ks.de\/baunatal\/wp-json\/wp\/v2\/posts"}],"about":[{"href":"http:\/\/gruene-lk-ks.de\/baunatal\/wp-json\/wp\/v2\/types\/post"}],"author":[{"embeddable":true,"href":"http:\/\/gruene-lk-ks.de\/baunatal\/wp-json\/wp\/v2\/users\/6"}],"replies":[{"embeddable":true,"href":"http:\/\/gruene-lk-ks.de\/baunatal\/wp-json\/wp\/v2\/comments?post=941"}],"version-history":[{"count":4,"href":"http:\/\/gruene-lk-ks.de\/baunatal\/wp-json\/wp\/v2\/posts\/941\/revisions"}],"predecessor-version":[{"id":947,"href":"http:\/\/gruene-lk-ks.de\/baunatal\/wp-json\/wp\/v2\/posts\/941\/revisions\/947"}],"wp:featuredmedia":[{"embeddable":true,"href":"http:\/\/gruene-lk-ks.de\/baunatal\/wp-json\/wp\/v2\/media\/944"}],"wp:attachment":[{"href":"http:\/\/gruene-lk-ks.de\/baunatal\/wp-json\/wp\/v2\/media?parent=941"}],"wp:term":[{"taxonomy":"category","embeddable":true,"href":"http:\/\/gruene-lk-ks.de\/baunatal\/wp-json\/wp\/v2\/categories?post=941"},{"taxonomy":"post_tag","embeddable":true,"href":"http:\/\/gruene-lk-ks.de\/baunatal\/wp-json\/wp\/v2\/tags?post=941"}],"curies":[{"name":"wp","href":"https:\/\/api.w.org\/{rel}","templated":true}]}}