{"id":958,"date":"2017-08-12T16:42:01","date_gmt":"2017-08-12T14:42:01","guid":{"rendered":"http:\/\/gruene-lk-ks.de\/baunatal\/?p=958"},"modified":"2017-08-12T16:47:07","modified_gmt":"2017-08-12T14:47:07","slug":"kurzbericht-zum-gruenen-parteitag-in-berlin","status":"publish","type":"post","link":"http:\/\/gruene-lk-ks.de\/baunatal\/kurzbericht-zum-gruenen-parteitag-in-berlin\/","title":{"rendered":"Kurzbericht zum GR\u00dcNEN Parteitag in Berlin"},"content":{"rendered":"<p><strong><u>PRESSEMITTEILUNG<\/u><\/strong><\/p>\n<p style=\"text-align: right\">23.06.2017<\/p>\n<h4><strong>Kurzbericht zum GR\u00dcNEN Parteitag in Berlin<\/strong><\/h4>\n<p>Der Fraktionsvorsitzende der GR\u00dcNEN Baunatal <strong>Edmund Borschel<\/strong> vertrat die GR\u00dcNEN im Landkreis Kassel auf der Bundesdelegiertenkonferenz (BDK) der GR\u00dcNEN, auf der das Wahlprogramm zur Bundestagswahl beschlossen wurde. Unter\u00a0 den vier Inhaltsfeldern \u201c<strong>Umwelt im Kopf, Welt im Blick, Freiheit im Herzen und Gerechtigkeit im Sinn<\/strong>\u201c diskutierten und beschlossen die <strong>840 Delegierten<\/strong>, die etwa 60.000 GR\u00dcNE Mitglieder repr\u00e4sentieren, <strong>Kernbereiche zur Bundestagswahl<\/strong>.<\/p>\n<div id=\"attachment_959\" class=\"wp-caption alignright\" style=\"width: 333px\"><a class=\"fancybox\" rel=\"gallery958\" href=\"http:\/\/gruene-lk-ks.de\/baunatal\/files\/2017\/08\/2017_BDK1_Delegierte-KS-Land.jpg\"><img loading=\"lazy\" class=\"wp-image-959\" src=\"http:\/\/gruene-lk-ks.de\/baunatal\/files\/2017\/08\/2017_BDK1_Delegierte-KS-Land-800x600.jpg\" alt=\"\" width=\"333\" height=\"250\" srcset=\"http:\/\/gruene-lk-ks.de\/baunatal\/files\/2017\/08\/2017_BDK1_Delegierte-KS-Land-800x600.jpg 800w, http:\/\/gruene-lk-ks.de\/baunatal\/files\/2017\/08\/2017_BDK1_Delegierte-KS-Land-400x300.jpg 400w, http:\/\/gruene-lk-ks.de\/baunatal\/files\/2017\/08\/2017_BDK1_Delegierte-KS-Land-768x576.jpg 768w, http:\/\/gruene-lk-ks.de\/baunatal\/files\/2017\/08\/2017_BDK1_Delegierte-KS-Land-150x113.jpg 150w\" sizes=\"(max-width: 333px) 100vw, 333px\" \/><\/a><p class=\"wp-caption-text\">Delegierte von Kassel-Land, Susanne Regier, Edmund Borschel, Reinhold Orth (v.r.)<\/p><\/div>\n<h4><\/h4>\n<p>Nach drei Tagen intensiver Debatte wurde ein mutiges und entschlossenes Programm\u00a0 verabschiedet, das klipp und klar zeigt, was es so nur mit uns GR\u00dcNEN gibt: eine wirklich entschlossene Umwelt- und Klimapolitik, ohne die das \u00dcberleben von Mensch und Tier auf diesem Planeten gef\u00e4hrdet ist. Schlie\u00dflich haben wir keinen Planeten B in Reserve.<\/p>\n<p>Beeindruckend war die professionelle, effektive und ergebnisorientierte Strukturierung des Parteitags durch das Sitzungspr\u00e4sidium. Dennoch gab es bei einigen Antr\u00e4gen und Programmpunkten lebendige und kontroverse Diskussionen, auch wenn die heutige Streitkultur in der GR\u00dcNEN Partei immer zielorientiert ist und manchen Alt-68ern zu harmonisierend verl\u00e4uft.<\/p>\n<p>Mitreissend waren die Grundsatzreden der beiden Spitzenkandidat*Innen Katrin G\u00f6ring-Eckardt und Cem \u00d6zdemir sowie Beitr\u00e4ge von Anton Hofreiter und zahlreicher Gastredner u.a. des GR\u00dcNEN Ministerpr\u00e4sidenten Winfried Kretschmann.<\/p>\n<div id=\"attachment_960\" class=\"wp-caption alignleft\" style=\"width: 333px\"><a class=\"fancybox\" rel=\"gallery958\" href=\"http:\/\/gruene-lk-ks.de\/baunatal\/files\/2017\/08\/2017_BDK2_Boris-Palmer-und-Ede.jpg\"><img loading=\"lazy\" class=\"wp-image-960\" src=\"http:\/\/gruene-lk-ks.de\/baunatal\/files\/2017\/08\/2017_BDK2_Boris-Palmer-und-Ede-800x800.jpg\" alt=\"\" width=\"333\" height=\"333\" srcset=\"http:\/\/gruene-lk-ks.de\/baunatal\/files\/2017\/08\/2017_BDK2_Boris-Palmer-und-Ede-800x800.jpg 800w, http:\/\/gruene-lk-ks.de\/baunatal\/files\/2017\/08\/2017_BDK2_Boris-Palmer-und-Ede-150x150.jpg 150w, http:\/\/gruene-lk-ks.de\/baunatal\/files\/2017\/08\/2017_BDK2_Boris-Palmer-und-Ede-400x400.jpg 400w, http:\/\/gruene-lk-ks.de\/baunatal\/files\/2017\/08\/2017_BDK2_Boris-Palmer-und-Ede-768x768.jpg 768w, http:\/\/gruene-lk-ks.de\/baunatal\/files\/2017\/08\/2017_BDK2_Boris-Palmer-und-Ede.jpg 1836w\" sizes=\"(max-width: 333px) 100vw, 333px\" \/><\/a><p class=\"wp-caption-text\">Ein gut gelaunter Boris Palmer (OB von T\u00fcbingen) mit Ede Borschel (l.)<\/p><\/div>\n<p>Anbei die wichtigsten beschlossenen Kernpunkte: Ausstieg aus der umweltsch\u00e4dlichen Kohleenergienutzung bis 2030, Erreichen der Energiewende mit 100 % Erneuerbaren bis 2030, Akzeptanz der Ehe f\u00fcr alle, konsequente Umsetzung des Asylrechts f\u00fcr Fl\u00fcchtlinge aus Kriegsgebieten sowie Kindergrundsicherung f\u00fcr sozial schwache Familien.<\/p>\n<p>Damit gewappnet, k\u00f6nnen die GR\u00dcNEN Baunatal voller Zuversicht auf ein gutes Ergebnis in den Bundestagswahlkampf ziehen. Es wird h\u00f6chste Zeit, dass Deutschland wieder eine Regierung bekommt, die nicht nur den Status quo verwaltet, sondern das Morgen gestaltet. \u201eWir wissen: Den Mutigen geh\u00f6rt die Welt. Zukunft wird aus Mut gemacht. Und diese Zukunft beginnt im September 2017 mit GR\u00dcNEN in der Regierung!\u201c<\/p>\n<p>&nbsp;<\/p>\n","protected":false},"excerpt":{"rendered":"<p>PRESSEMITTEILUNG 23.06.2017 Kurzbericht zum GR\u00dcNEN Parteitag in Berlin Der Fraktionsvorsitzende der GR\u00dcNEN Baunatal Edmund Borschel vertrat die GR\u00dcNEN im Landkreis Kassel auf der Bundesdelegiertenkonferenz (BDK) der GR\u00dcNEN, auf der das&#8230; <\/p>\n","protected":false},"author":6,"featured_media":959,"comment_status":"closed","ping_status":"open","sticky":false,"template":"","format":"standard","meta":{"ngg_post_thumbnail":0},"categories":[1],"tags":[],"_links":{"self":[{"href":"http:\/\/gruene-lk-ks.de\/baunatal\/wp-json\/wp\/v2\/posts\/958"}],"collection":[{"href":"http:\/\/gruene-lk-ks.de\/baunatal\/wp-json\/wp\/v2\/posts"}],"about":[{"href":"http:\/\/gruene-lk-ks.de\/baunatal\/wp-json\/wp\/v2\/types\/post"}],"author":[{"embeddable":true,"href":"http:\/\/gruene-lk-ks.de\/baunatal\/wp-json\/wp\/v2\/users\/6"}],"replies":[{"embeddable":true,"href":"http:\/\/gruene-lk-ks.de\/baunatal\/wp-json\/wp\/v2\/comments?post=958"}],"version-history":[{"count":1,"href":"http:\/\/gruene-lk-ks.de\/baunatal\/wp-json\/wp\/v2\/posts\/958\/revisions"}],"predecessor-version":[{"id":961,"href":"http:\/\/gruene-lk-ks.de\/baunatal\/wp-json\/wp\/v2\/posts\/958\/revisions\/961"}],"wp:featuredmedia":[{"embeddable":true,"href":"http:\/\/gruene-lk-ks.de\/baunatal\/wp-json\/wp\/v2\/media\/959"}],"wp:attachment":[{"href":"http:\/\/gruene-lk-ks.de\/baunatal\/wp-json\/wp\/v2\/media?parent=958"}],"wp:term":[{"taxonomy":"category","embeddable":true,"href":"http:\/\/gruene-lk-ks.de\/baunatal\/wp-json\/wp\/v2\/categories?post=958"},{"taxonomy":"post_tag","embeddable":true,"href":"http:\/\/gruene-lk-ks.de\/baunatal\/wp-json\/wp\/v2\/tags?post=958"}],"curies":[{"name":"wp","href":"https:\/\/api.w.org\/{rel}","templated":true}]}}