{"id":962,"date":"2017-08-12T16:46:39","date_gmt":"2017-08-12T14:46:39","guid":{"rendered":"http:\/\/gruene-lk-ks.de\/baunatal\/?p=962"},"modified":"2017-08-12T16:47:37","modified_gmt":"2017-08-12T14:47:37","slug":"962-2","status":"publish","type":"post","link":"http:\/\/gruene-lk-ks.de\/baunatal\/962-2\/","title":{"rendered":"Documenta-Camp 2017 des JBW-Baunatal gro\u00dfer Erfolg"},"content":{"rendered":"<p><strong><u>PRESSEMITTEILUNG<\/u><\/strong><\/p>\n<p style=\"text-align: right\">02.08.2017<\/p>\n<h4><strong>Documenta-Camp 2017 des JBW-Baunatal gro\u00dfer Erfolg<\/strong><\/h4>\n<p>Auf Einladung des Jugendbildungswerks nahm der Fraktionsvorsitzende der GR\u00dcNEN, <strong>Edmund<\/strong> <strong>Borschel<\/strong>, neben wenigen Kommunalpolitikern an der multilateralen Jugendbegegnung im Rahmen des \u201cdocumenta-Camps 2017\u201c teil.\u00a0 Auf zwei Abendveranstaltungen im Stadtteilzentrum Baunsberg konnten die 30 Jugendlichen und ihre Betreuer aus unseren Partnerst\u00e4dten <strong>San Sebastian de los Reyes <\/strong>(Spanien), <strong>Vire<\/strong> (Frankreich) und <strong>Vrachlabi<\/strong> (Tschechien) sowie Baunataler Jugendlichen Ergebnisse der Workshops und des documenta 14-Besuchs den Kommunalpolitikern und G\u00e4sten vorstellen. Interessante und tiefgr\u00fcndige Gespr\u00e4che auf Englisch, der Workshop-Sprache,\u00a0 erm\u00f6glichten einen konstruktiven Gedankenaustausch zum Thema: \u201cEurope meets documenta\u201c.<\/p>\n<div id=\"attachment_964\" class=\"wp-caption alignleft\" style=\"width: 333px\"><a class=\"fancybox\" rel=\"gallery962\" href=\"http:\/\/gruene-lk-ks.de\/baunatal\/files\/2017\/08\/IMG_3518.jpg\"><img loading=\"lazy\" class=\"wp-image-964\" src=\"http:\/\/gruene-lk-ks.de\/baunatal\/files\/2017\/08\/IMG_3518-800x533.jpg\" alt=\"\" width=\"333\" height=\"222\" srcset=\"http:\/\/gruene-lk-ks.de\/baunatal\/files\/2017\/08\/IMG_3518-800x533.jpg 800w, http:\/\/gruene-lk-ks.de\/baunatal\/files\/2017\/08\/IMG_3518-400x267.jpg 400w, http:\/\/gruene-lk-ks.de\/baunatal\/files\/2017\/08\/IMG_3518-768x512.jpg 768w, http:\/\/gruene-lk-ks.de\/baunatal\/files\/2017\/08\/IMG_3518-150x100.jpg 150w\" sizes=\"(max-width: 333px) 100vw, 333px\" \/><\/a><p class=\"wp-caption-text\">Die beiden Bands nach ihrem fulminanten Auftritt<\/p><\/div>\n<p>Beeindruckend war die Vielfalt der Pr\u00e4sentationen aus den 5 Arbeitsgruppen: Neben Postern, kleinen Booklets wurden auch Videos, Rollenspiele und Interaktionen mit den Zuschauern sowie Theaterkompositionen vorgef\u00fchrt. Alles in Zeichen der documenta als bedeutendste moderne Kunstausstellung. Ein besonderes Highlight waren die beiden Songs, welche w\u00e4hrend des Workshops von den beiden neu-formierten Bands \u201cInternational Disasters\u201c und \u201cHappy Crazy Carrots\u201c mit gro\u00dfem Enthusiasmus vorgetragen wurden. Ein lang anhaltender Applaus war nicht nur diesen K\u00fcnstler*innen sicher.<\/p>\n<p>Ein kleiner Wermutstropfen blieb zur\u00fcck, da leider keine Jugendlichen aus Sangerhausen teilgenommen haben. Viele Teilnehmer*innen bedauerten auch, dass die Zeit wie im Fluge verging, aber dass sich dennoch neue Freundschaften untereinander entwickelt haben.<\/p>\n<div id=\"attachment_963\" class=\"wp-caption alignright\" style=\"width: 333px\"><a class=\"fancybox\" rel=\"gallery962\" href=\"http:\/\/gruene-lk-ks.de\/baunatal\/files\/2017\/08\/IMG_3499.jpg\"><img loading=\"lazy\" class=\"wp-image-963\" src=\"http:\/\/gruene-lk-ks.de\/baunatal\/files\/2017\/08\/IMG_3499-800x533.jpg\" alt=\"\" width=\"333\" height=\"222\" srcset=\"http:\/\/gruene-lk-ks.de\/baunatal\/files\/2017\/08\/IMG_3499-800x533.jpg 800w, http:\/\/gruene-lk-ks.de\/baunatal\/files\/2017\/08\/IMG_3499-400x267.jpg 400w, http:\/\/gruene-lk-ks.de\/baunatal\/files\/2017\/08\/IMG_3499-768x512.jpg 768w, http:\/\/gruene-lk-ks.de\/baunatal\/files\/2017\/08\/IMG_3499-150x100.jpg 150w\" sizes=\"(max-width: 333px) 100vw, 333px\" \/><\/a><p class=\"wp-caption-text\">Blick auf die Teilnehmer*innen im Saal des Stadtteilzentrums<\/p><\/div>\n<p><strong>Frank Grasmeier<\/strong> vom Orga-Team dankte am Ende der Woche allen Teamern, die mit ihrem Einsatz zum Erfolg dieser internationalen Jugendbegegnung in Baunatal ma\u00dfgeblich beigetragen haben, allen Unterst\u00fctzer*innen im Stadtteil aber besonders allen Workshop-Teilnehmer*innen, die in einem harmonischen Miteinander, kreativ, reflektiv, interessiert und engagiert die documenta als Medium aus verschiedenen Blickwinkeln beleuchtet haben. Durch diese Art von Austausch wird weiter am Haus Europa erfolgreich gebaut und alle Teilnehmer*innen k\u00f6nnen als Multiplikatoren in ihren jeweiligen Heimatl\u00e4ndern wirken.<\/p>\n<p>Alle Ergebnisse des Workshops findet man unter: <strong>http:\/\/doc14camp.wordpress.com<\/strong><\/p>\n<p>&nbsp;<\/p>\n","protected":false},"excerpt":{"rendered":"<p>PRESSEMITTEILUNG 02.08.2017 Documenta-Camp 2017 des JBW-Baunatal gro\u00dfer Erfolg Auf Einladung des Jugendbildungswerks nahm der Fraktionsvorsitzende der GR\u00dcNEN, Edmund Borschel, neben wenigen Kommunalpolitikern an der multilateralen Jugendbegegnung im Rahmen des \u201cdocumenta-Camps&#8230; <\/p>\n","protected":false},"author":6,"featured_media":963,"comment_status":"closed","ping_status":"open","sticky":false,"template":"","format":"standard","meta":{"ngg_post_thumbnail":0},"categories":[1],"tags":[],"_links":{"self":[{"href":"http:\/\/gruene-lk-ks.de\/baunatal\/wp-json\/wp\/v2\/posts\/962"}],"collection":[{"href":"http:\/\/gruene-lk-ks.de\/baunatal\/wp-json\/wp\/v2\/posts"}],"about":[{"href":"http:\/\/gruene-lk-ks.de\/baunatal\/wp-json\/wp\/v2\/types\/post"}],"author":[{"embeddable":true,"href":"http:\/\/gruene-lk-ks.de\/baunatal\/wp-json\/wp\/v2\/users\/6"}],"replies":[{"embeddable":true,"href":"http:\/\/gruene-lk-ks.de\/baunatal\/wp-json\/wp\/v2\/comments?post=962"}],"version-history":[{"count":2,"href":"http:\/\/gruene-lk-ks.de\/baunatal\/wp-json\/wp\/v2\/posts\/962\/revisions"}],"predecessor-version":[{"id":966,"href":"http:\/\/gruene-lk-ks.de\/baunatal\/wp-json\/wp\/v2\/posts\/962\/revisions\/966"}],"wp:featuredmedia":[{"embeddable":true,"href":"http:\/\/gruene-lk-ks.de\/baunatal\/wp-json\/wp\/v2\/media\/963"}],"wp:attachment":[{"href":"http:\/\/gruene-lk-ks.de\/baunatal\/wp-json\/wp\/v2\/media?parent=962"}],"wp:term":[{"taxonomy":"category","embeddable":true,"href":"http:\/\/gruene-lk-ks.de\/baunatal\/wp-json\/wp\/v2\/categories?post=962"},{"taxonomy":"post_tag","embeddable":true,"href":"http:\/\/gruene-lk-ks.de\/baunatal\/wp-json\/wp\/v2\/tags?post=962"}],"curies":[{"name":"wp","href":"https:\/\/api.w.org\/{rel}","templated":true}]}}