{"id":967,"date":"2017-08-12T16:51:49","date_gmt":"2017-08-12T14:51:49","guid":{"rendered":"http:\/\/gruene-lk-ks.de\/baunatal\/?p=967"},"modified":"2017-08-12T16:51:49","modified_gmt":"2017-08-12T14:51:49","slug":"minister-besucht-vw-werk-in-baunatal","status":"publish","type":"post","link":"http:\/\/gruene-lk-ks.de\/baunatal\/minister-besucht-vw-werk-in-baunatal\/","title":{"rendered":"Minister besucht VW-Werk in Baunatal"},"content":{"rendered":"<p><strong><u>PRESSEMITTEILUNG<\/u><\/strong><\/p>\n<p style=\"text-align: right\">02.08.2017<\/p>\n<h4><strong>Minister besucht VW-Werk in Baunatal<\/strong><\/h4>\n<div id=\"attachment_969\" class=\"wp-caption alignleft\" style=\"width: 333px\"><a class=\"fancybox\" rel=\"gallery967\" href=\"http:\/\/gruene-lk-ks.de\/baunatal\/files\/2017\/08\/IMG_3544.jpg\"><img loading=\"lazy\" class=\"wp-image-969\" src=\"http:\/\/gruene-lk-ks.de\/baunatal\/files\/2017\/08\/IMG_3544-800x533.jpg\" alt=\"\" width=\"333\" height=\"222\" srcset=\"http:\/\/gruene-lk-ks.de\/baunatal\/files\/2017\/08\/IMG_3544-800x533.jpg 800w, http:\/\/gruene-lk-ks.de\/baunatal\/files\/2017\/08\/IMG_3544-400x267.jpg 400w, http:\/\/gruene-lk-ks.de\/baunatal\/files\/2017\/08\/IMG_3544-768x512.jpg 768w, http:\/\/gruene-lk-ks.de\/baunatal\/files\/2017\/08\/IMG_3544-150x100.jpg 150w\" sizes=\"(max-width: 333px) 100vw, 333px\" \/><\/a><p class=\"wp-caption-text\">Werner Seitz (Mitte) erl\u00e4utert dem Minister (2.v.l.) den Antrieb des e-Golf<\/p><\/div>\n<p>Der hessische GR\u00dcNE Verkehrs- und <strong>Wirtschaftsminister Tarek Al-Wazir<\/strong> besuchte im Rahmen seiner Nordhessen-Sommertour das VW-Werk in Baunatal,\u00a0 um sich \u00fcber den aktuellen Stand im Ausbau der E-Mobil-Fertigung am Standort zu erkundigen. Begleitet wurde er von mehreren GR\u00dcNEN Kommunalpolitikern aus der Stadt und dem Landkreis Kassel, u.a. der Vorsitzenden der GR\u00dcNEN Kreistagsfraktion, <strong>Monika Woizeschke-Br\u00fcck<\/strong> und ihrem Stellvertreter <strong>Edmund\u00a0 Borschel, <\/strong>ebenfalls Fraktionsvorsitzender in Baunatal.<strong>\u00a0 <\/strong><\/p>\n<p>Aus der Stadt Kassel begleiteten die GR\u00dcNE Landtagsabgeordnete Karin M\u00fcller und der Fraktionsvorsitzende in der Kasseler Stadtverordnetenversammlung, Boris Mijatovic, den Minister.<\/p>\n<p>In einem angeregten aber auch offenen Gespr\u00e4ch bekundete Minister Al-Wazir seine Sorge, gegen\u00fcber dem Werksleiter Torsten Jablonski, dem Personalchef Dr. Michael Ritter und Betriebsrat Armin Wicke, dass aufgrund des Diesel-Skandals und dem Ergebnis des Diesel-Gipfels in der vergangenen Woche ein hoher Vertrauenverlust gegen\u00fcber der deutschen Automobilindustrie eingetreten ist. Eingest\u00e4ndnisse von Fehlern, Beseitigung der Manipulationen an den Motoren auf Kosten der Automobilkonzerne und schnellstm\u00f6gliche Entwicklung und Ausbau alternativer, umweltfreundlicher Antriebe\u00a0 sind dringend geboten, um Vertrauen wieder herzustellen. Aus der Runde wurde aber auch Kritik am Handling der Krise durch die Spitzenpolitiker in Land und Bund ge\u00fcbt. Die N\u00e4he von Politik und Beh\u00f6rden wie dem Kraftfahrtbundesamt (KBA) zur Automobilindustrie auch durch personelle Verquickung bei Aufsichtsratsposten lassen eine Objektivit\u00e4t bei der L\u00f6sung von gravierenden Problemen, die auch Arbeitspl\u00e4tze tangieren, oft vermissen.<\/p>\n<div id=\"attachment_968\" class=\"wp-caption alignright\" style=\"width: 333px\"><a class=\"fancybox\" rel=\"gallery967\" href=\"http:\/\/gruene-lk-ks.de\/baunatal\/files\/2017\/08\/IMG_3533.jpg\"><img loading=\"lazy\" class=\"wp-image-968\" src=\"http:\/\/gruene-lk-ks.de\/baunatal\/files\/2017\/08\/IMG_3533-800x533.jpg\" alt=\"\" width=\"333\" height=\"222\" srcset=\"http:\/\/gruene-lk-ks.de\/baunatal\/files\/2017\/08\/IMG_3533-800x533.jpg 800w, http:\/\/gruene-lk-ks.de\/baunatal\/files\/2017\/08\/IMG_3533-400x267.jpg 400w, http:\/\/gruene-lk-ks.de\/baunatal\/files\/2017\/08\/IMG_3533-768x512.jpg 768w, http:\/\/gruene-lk-ks.de\/baunatal\/files\/2017\/08\/IMG_3533-150x100.jpg 150w\" sizes=\"(max-width: 333px) 100vw, 333px\" \/><\/a><p class=\"wp-caption-text\">Das Objekt des Interesses: der neue e-Golf<\/p><\/div>\n<p>Eine positive Grundstimmung und Hoffnung trat dann beim Rundgang durch die Halle 6 zutage, wo die E-Motoren von VW hergestellt werden. Aktuell werden t\u00e4glich 120 E-Motoren\u00a0 und 300 Hybrid-Antriebe gefertigt. Werner Seitz, Leiter f\u00fcr alternative Antriebe in Baunatal, konnte an den wichtigsten Fertigungsstationen fundiert und launig die Produktionsabl\u00e4ufe beschreiben. Auch wenn die Zahlen gering erscheinen und VW gegen\u00fcber ausl\u00e4ndischen Anbietern und L\u00e4ndern wie Japan, den USA und neuerdings China weit zur\u00fcckliegt, bekundete Werksleiter Jablonski, dass\u00a0 der VW-Konzern hart daran arbeiten wird, diesen Vorsprung in der Entwicklung der E-Motoren und der Vergr\u00f6\u00dferung der Reichweite einzuholen. Gleichzeitig will VW qualitativ besser sein als die Mitbewerber.<\/p>\n<p>Minister Al-Wazir w\u00fcnschte am Ende des Tages der Werksleitung viel Erfolg, besonders im Interesse der Besch\u00e4ftigten, den Erhalt von Arbeitspl\u00e4tzen am Standort zu gew\u00e4hrleisten.<\/p>\n","protected":false},"excerpt":{"rendered":"<p>PRESSEMITTEILUNG 02.08.2017 Minister besucht VW-Werk in Baunatal Der hessische GR\u00dcNE Verkehrs- und Wirtschaftsminister Tarek Al-Wazir besuchte im Rahmen seiner Nordhessen-Sommertour das VW-Werk in Baunatal,\u00a0 um sich \u00fcber den aktuellen Stand&#8230; <\/p>\n","protected":false},"author":6,"featured_media":968,"comment_status":"closed","ping_status":"open","sticky":false,"template":"","format":"standard","meta":{"ngg_post_thumbnail":0},"categories":[1],"tags":[],"_links":{"self":[{"href":"http:\/\/gruene-lk-ks.de\/baunatal\/wp-json\/wp\/v2\/posts\/967"}],"collection":[{"href":"http:\/\/gruene-lk-ks.de\/baunatal\/wp-json\/wp\/v2\/posts"}],"about":[{"href":"http:\/\/gruene-lk-ks.de\/baunatal\/wp-json\/wp\/v2\/types\/post"}],"author":[{"embeddable":true,"href":"http:\/\/gruene-lk-ks.de\/baunatal\/wp-json\/wp\/v2\/users\/6"}],"replies":[{"embeddable":true,"href":"http:\/\/gruene-lk-ks.de\/baunatal\/wp-json\/wp\/v2\/comments?post=967"}],"version-history":[{"count":1,"href":"http:\/\/gruene-lk-ks.de\/baunatal\/wp-json\/wp\/v2\/posts\/967\/revisions"}],"predecessor-version":[{"id":970,"href":"http:\/\/gruene-lk-ks.de\/baunatal\/wp-json\/wp\/v2\/posts\/967\/revisions\/970"}],"wp:featuredmedia":[{"embeddable":true,"href":"http:\/\/gruene-lk-ks.de\/baunatal\/wp-json\/wp\/v2\/media\/968"}],"wp:attachment":[{"href":"http:\/\/gruene-lk-ks.de\/baunatal\/wp-json\/wp\/v2\/media?parent=967"}],"wp:term":[{"taxonomy":"category","embeddable":true,"href":"http:\/\/gruene-lk-ks.de\/baunatal\/wp-json\/wp\/v2\/categories?post=967"},{"taxonomy":"post_tag","embeddable":true,"href":"http:\/\/gruene-lk-ks.de\/baunatal\/wp-json\/wp\/v2\/tags?post=967"}],"curies":[{"name":"wp","href":"https:\/\/api.w.org\/{rel}","templated":true}]}}