{"id":971,"date":"2017-08-12T16:57:04","date_gmt":"2017-08-12T14:57:04","guid":{"rendered":"http:\/\/gruene-lk-ks.de\/baunatal\/?p=971"},"modified":"2017-08-12T16:57:22","modified_gmt":"2017-08-12T14:57:22","slug":"971-2","status":"publish","type":"post","link":"http:\/\/gruene-lk-ks.de\/baunatal\/971-2\/","title":{"rendered":"GR\u00dcNE Mandatstr\u00e4ger zu Besuch bei der Feuerwehr Altenritte"},"content":{"rendered":"<p><strong><u>PRESSEMITTEILUNG<\/u><\/strong><\/p>\n<p style=\"text-align: right\">16.08.2017<\/p>\n<h4><strong>GR\u00dcNE Mandatstr\u00e4ger zu Besuch bei der Feuerwehr Altenritte<\/strong><\/h4>\n<div id=\"attachment_973\" class=\"wp-caption alignleft\" style=\"width: 333px\"><a class=\"fancybox\" rel=\"gallery971\" href=\"http:\/\/gruene-lk-ks.de\/baunatal\/files\/2017\/08\/IMG_3573.jpg\"><img loading=\"lazy\" class=\"wp-image-973\" src=\"http:\/\/gruene-lk-ks.de\/baunatal\/files\/2017\/08\/IMG_3573-800x533.jpg\" alt=\"\" width=\"333\" height=\"222\" srcset=\"http:\/\/gruene-lk-ks.de\/baunatal\/files\/2017\/08\/IMG_3573-800x533.jpg 800w, http:\/\/gruene-lk-ks.de\/baunatal\/files\/2017\/08\/IMG_3573-400x267.jpg 400w, http:\/\/gruene-lk-ks.de\/baunatal\/files\/2017\/08\/IMG_3573-768x512.jpg 768w, http:\/\/gruene-lk-ks.de\/baunatal\/files\/2017\/08\/IMG_3573-150x100.jpg 150w\" sizes=\"(max-width: 333px) 100vw, 333px\" \/><\/a><p class=\"wp-caption-text\">Mirko Gibhardt (2. v.l.) bedankt sich bei Frau Zenke (l.)<\/p><\/div>\n<p>Den Tag der Offenen T\u00fcr der Freiwilligen Feuerwehr Altenritte besuchten neben zahlreichen G\u00e4sten <strong>\u00a0<\/strong>auch der<strong> GR\u00dcNE Stadtrat J\u00fcrgen B\u00f6hme, <\/strong>Fraktionsvorsitzender<strong> Edmund\u00a0 Borschel <\/strong>und sein Stellvertreter <strong>Lothar Rost<\/strong>. Ein besonderer Anlass war auch die \u00dcbergabe des neuen L\u00f6schgruppenfahrzeugs MB Atego 1226 an die Kamerad*innen der Feuerwehr durch die 1. Stadtr\u00e4tin Silke Engler, stellvertretend f\u00fcr die Gremien der Stadt und die Ehrung verdienter Kamerad*innen.<\/p>\n<div id=\"attachment_972\" class=\"wp-caption alignright\" style=\"width: 333px\"><a class=\"fancybox\" rel=\"gallery971\" href=\"http:\/\/gruene-lk-ks.de\/baunatal\/files\/2017\/08\/IMG_3567.jpg\"><img loading=\"lazy\" class=\"wp-image-972\" src=\"http:\/\/gruene-lk-ks.de\/baunatal\/files\/2017\/08\/IMG_3567-800x533.jpg\" alt=\"\" width=\"333\" height=\"222\" srcset=\"http:\/\/gruene-lk-ks.de\/baunatal\/files\/2017\/08\/IMG_3567-800x533.jpg 800w, http:\/\/gruene-lk-ks.de\/baunatal\/files\/2017\/08\/IMG_3567-400x267.jpg 400w, http:\/\/gruene-lk-ks.de\/baunatal\/files\/2017\/08\/IMG_3567-768x512.jpg 768w, http:\/\/gruene-lk-ks.de\/baunatal\/files\/2017\/08\/IMG_3567-150x100.jpg 150w\" sizes=\"(max-width: 333px) 100vw, 333px\" \/><\/a><p class=\"wp-caption-text\">Gro\u00dfes Interesse am neuen L\u00f6schgruppenfahrzeug<\/p><\/div>\n<p>Das neue Fahrzeug mit Platz f\u00fcr 8 Personen bei einem Einsatz kostete 280.000 EURO und l\u00f6st das 29 Jahre alte Vorg\u00e4ngermodell ab. Leider konnte es nach Bekunden von Wehrf\u00fchrer Mirko Gibhardt in seiner Rede bei sechs Jahren Vorlaufzeit erst mit zweij\u00e4hriger Verz\u00f6gerung ausgeliefert werden. Der Dank ging dennoch an die Verwaltung, besonders an Frau Zenke f\u00fcr ihren unerm\u00fcdlichen Einsatz und partei\u00fcbergreifend an alle Stadtverordneten f\u00fcr die Bereitstellung der Gelder im st\u00e4dtischen Haushalt. Dies dokumentiert, dass in Baunatal die Sicherheit der B\u00fcrger*innen generell oberste Priorit\u00e4t hat. Durch die Bereitstellung der Ger\u00e4tschaften auf dem neuesten Stand wird die wichtige sozial- und sicherheitspolitische Arbeit gew\u00e4hrleistet sowie der ehrenamtliche Einsatz der Feuerwehrleute auch gewertsch\u00e4tzt.<\/p>\n","protected":false},"excerpt":{"rendered":"<p>PRESSEMITTEILUNG 16.08.2017 GR\u00dcNE Mandatstr\u00e4ger zu Besuch bei der Feuerwehr Altenritte Den Tag der Offenen T\u00fcr der Freiwilligen Feuerwehr Altenritte besuchten neben zahlreichen G\u00e4sten \u00a0auch der GR\u00dcNE Stadtrat J\u00fcrgen B\u00f6hme, Fraktionsvorsitzender&#8230; <\/p>\n","protected":false},"author":6,"featured_media":972,"comment_status":"closed","ping_status":"open","sticky":false,"template":"","format":"standard","meta":{"ngg_post_thumbnail":0},"categories":[1],"tags":[],"_links":{"self":[{"href":"http:\/\/gruene-lk-ks.de\/baunatal\/wp-json\/wp\/v2\/posts\/971"}],"collection":[{"href":"http:\/\/gruene-lk-ks.de\/baunatal\/wp-json\/wp\/v2\/posts"}],"about":[{"href":"http:\/\/gruene-lk-ks.de\/baunatal\/wp-json\/wp\/v2\/types\/post"}],"author":[{"embeddable":true,"href":"http:\/\/gruene-lk-ks.de\/baunatal\/wp-json\/wp\/v2\/users\/6"}],"replies":[{"embeddable":true,"href":"http:\/\/gruene-lk-ks.de\/baunatal\/wp-json\/wp\/v2\/comments?post=971"}],"version-history":[{"count":2,"href":"http:\/\/gruene-lk-ks.de\/baunatal\/wp-json\/wp\/v2\/posts\/971\/revisions"}],"predecessor-version":[{"id":975,"href":"http:\/\/gruene-lk-ks.de\/baunatal\/wp-json\/wp\/v2\/posts\/971\/revisions\/975"}],"wp:featuredmedia":[{"embeddable":true,"href":"http:\/\/gruene-lk-ks.de\/baunatal\/wp-json\/wp\/v2\/media\/972"}],"wp:attachment":[{"href":"http:\/\/gruene-lk-ks.de\/baunatal\/wp-json\/wp\/v2\/media?parent=971"}],"wp:term":[{"taxonomy":"category","embeddable":true,"href":"http:\/\/gruene-lk-ks.de\/baunatal\/wp-json\/wp\/v2\/categories?post=971"},{"taxonomy":"post_tag","embeddable":true,"href":"http:\/\/gruene-lk-ks.de\/baunatal\/wp-json\/wp\/v2\/tags?post=971"}],"curies":[{"name":"wp","href":"https:\/\/api.w.org\/{rel}","templated":true}]}}