{"id":977,"date":"2017-08-24T10:17:08","date_gmt":"2017-08-24T08:17:08","guid":{"rendered":"http:\/\/gruene-lk-ks.de\/baunatal\/?p=977"},"modified":"2017-08-24T10:17:08","modified_gmt":"2017-08-24T08:17:08","slug":"terminvorschau","status":"publish","type":"post","link":"http:\/\/gruene-lk-ks.de\/baunatal\/terminvorschau\/","title":{"rendered":"Terminvorschau"},"content":{"rendered":"<h5><strong><u>PRESSEMITTEILUNG<\/u><\/strong><\/h5>\n<h3><strong>Terminvorschau<\/strong><\/h3>\n<p>Samstag, <strong>26. August 2017, 9-13 Uhr<\/strong>: Er\u00f6ffnung des Wahlkampfs mit Stand auf dem Wochenmarkt am\u00a0 Herkules-Markt Eingang in Baunatal<\/p>\n<p>Samstag, <strong>26. August 2017, 10-16 Uhr<\/strong>: Thementag der GR\u00dcNEN Kreistagsfraktion, Tagungsort im Sozialraum des fab, Kassel, Samuel-Beckett-Anlage 6, Thema: \u201e<strong>Umwelt-, Tier-\u00a0 und Verbraucherschutz\u201c<\/strong><\/p>\n<p>Montag, <strong>28. August 2017, 18 Uhr: <\/strong>Stadtverordnetenversammlung mit Fragestunde<\/p>\n<p>Sonntag, <strong>3. September 2017, 12-18 Uhr<\/strong>: GR\u00dcNES Sommerfest vom Landkreis Kassel im Ahnepark in Vellmar<\/p>\n<p>Montag, <strong>4. September 2017, 18 Uhr<\/strong>: Stadtspaziergang durch Altenritte und B\u00fcrgergespr\u00e4ch, Treffpunkt an der Bushaltestelle Finkenstra\u00dfe mit Besuch einiger Problemzonen im Stadtteil<\/p>\n","protected":false},"excerpt":{"rendered":"<p>PRESSEMITTEILUNG Terminvorschau Samstag, 26. August 2017, 9-13 Uhr: Er\u00f6ffnung des Wahlkampfs mit Stand auf dem Wochenmarkt am\u00a0 Herkules-Markt Eingang in Baunatal Samstag, 26. August 2017, 10-16 Uhr: Thementag der GR\u00dcNEN&#8230; <\/p>\n","protected":false},"author":6,"featured_media":978,"comment_status":"closed","ping_status":"open","sticky":false,"template":"","format":"standard","meta":{"ngg_post_thumbnail":0},"categories":[1],"tags":[],"_links":{"self":[{"href":"http:\/\/gruene-lk-ks.de\/baunatal\/wp-json\/wp\/v2\/posts\/977"}],"collection":[{"href":"http:\/\/gruene-lk-ks.de\/baunatal\/wp-json\/wp\/v2\/posts"}],"about":[{"href":"http:\/\/gruene-lk-ks.de\/baunatal\/wp-json\/wp\/v2\/types\/post"}],"author":[{"embeddable":true,"href":"http:\/\/gruene-lk-ks.de\/baunatal\/wp-json\/wp\/v2\/users\/6"}],"replies":[{"embeddable":true,"href":"http:\/\/gruene-lk-ks.de\/baunatal\/wp-json\/wp\/v2\/comments?post=977"}],"version-history":[{"count":2,"href":"http:\/\/gruene-lk-ks.de\/baunatal\/wp-json\/wp\/v2\/posts\/977\/revisions"}],"predecessor-version":[{"id":980,"href":"http:\/\/gruene-lk-ks.de\/baunatal\/wp-json\/wp\/v2\/posts\/977\/revisions\/980"}],"wp:featuredmedia":[{"embeddable":true,"href":"http:\/\/gruene-lk-ks.de\/baunatal\/wp-json\/wp\/v2\/media\/978"}],"wp:attachment":[{"href":"http:\/\/gruene-lk-ks.de\/baunatal\/wp-json\/wp\/v2\/media?parent=977"}],"wp:term":[{"taxonomy":"category","embeddable":true,"href":"http:\/\/gruene-lk-ks.de\/baunatal\/wp-json\/wp\/v2\/categories?post=977"},{"taxonomy":"post_tag","embeddable":true,"href":"http:\/\/gruene-lk-ks.de\/baunatal\/wp-json\/wp\/v2\/tags?post=977"}],"curies":[{"name":"wp","href":"https:\/\/api.w.org\/{rel}","templated":true}]}}