{"id":983,"date":"2017-08-29T11:41:46","date_gmt":"2017-08-29T09:41:46","guid":{"rendered":"http:\/\/gruene-lk-ks.de\/baunatal\/?p=983"},"modified":"2017-09-11T14:22:05","modified_gmt":"2017-09-11T12:22:05","slug":"gruene-baunatal-eroeffnen-bundestagswahlkampf","status":"publish","type":"post","link":"http:\/\/gruene-lk-ks.de\/baunatal\/gruene-baunatal-eroeffnen-bundestagswahlkampf\/","title":{"rendered":"GR\u00dcNE Baunatal er\u00f6ffnen Bundestagswahlkampf"},"content":{"rendered":"<p style=\"text-align: right\">30.08.2017<\/p>\n<p><strong><u>PRESSEMITTEILUNG<\/u><\/strong><\/p>\n<h5><strong>GR\u00dcNE Baunatal er\u00f6ffnen Bundestagswahlkampf<\/strong><\/h5>\n<p>Am Samstag, <strong>26. August 2017 <\/strong>er\u00f6ffneten die GR\u00dcNEN Baunatal den Bundestagswahlkampf mit einem Stand auf dem Wochenmarkt. In vielen interessanten Gespr\u00e4chen\u00a0 mit B\u00fcrger*innen unserer Stadt zur aktuellen politischen Situation in Deutschland konnten die GR\u00dcNEN L\u00f6sungsans\u00e4tze in wichtigen gesellschaftpotitischen Fragen aufzeigen.<\/p>\n<p>Die Zukunft der Autoindustrie nach dem Dieselskandal, Bek\u00e4mpfung der Alten- und Kinderarmut in einem der reichsten L\u00e4nder der Erde, gleiche Bildungschancen f\u00fcr alle, Wege zur besseren Integration der in Deutschland lebenden Migranten, Beurteilung der gest\u00f6rten deutsch-t\u00fcrkischen Beziehungen mit versuchter Einflussnahme auf die Bundestagswahl waren dabei nur einige der Themen.<\/p>\n<p>Immer wieder betonten die Standbesucher, dass ein Politikwechsel notwendig ist zum Schutz der Umwelt und einer gerechteren Gesellschaftsordnung f\u00fcr Junge und Alte.<\/p>\n<h5><strong><u>Einladung zum Stadtspaziergang durch Altenritte und B\u00fcrgergespr\u00e4ch<\/u><\/strong><\/h5>\n<p>Am Montag dem <strong>4. September 2017<\/strong> findet um<strong> 18 Uhr ein <\/strong>Stadtspaziergang durch Altenritte mit B\u00fcrgergespr\u00e4ch statt. Alle Interessierten treffen sich an der Bushaltestelle Finkenstra\u00dfe in der Wilhelmsh\u00f6her Stra\u00dfe. Wir besuchen einige Problemzonen im Stadtteil, sprechen mit den Anliegern und werden gemeinsam mit ihnen nach sinnvollen L\u00f6sungen suchen, u.a. bei der Stra\u00dfenreinigung und Laubbeseitigung im Herbst.<\/p>\n<p>Besonders gravierend ist momentan das enorme Verkehrsaufkommen entlang der Wilhelmsh\u00f6her Stra\u00dfe, nach der Ausweisung der Umgehungsstra\u00dfe wegen der Bauma\u00dfnahmen in Schauenburg-Elgershausen. Die unverst\u00e4ndliche Beschilderung zur Umleitung Baunatal beim Abzweig nach Altenritte f\u00fchrt zur Verkehrsumlenkung, Raserei mit gef\u00e4hrlichen Situationen in der 30-er Zone und L\u00e4rmbel\u00e4stigung. Diese Umleitung k\u00f6nnte auch \u00fcber die Landesstra\u00dfe und anliegenden Kreisstra\u00dfen erfolgen.<\/p>\n<p>Sollten Sie besondere W\u00fcnsche und Anliegen haben, die immer wieder auftauchen, laden wir Sie ein, begleiten Sie uns, besser noch: suchen Sie das Gespr\u00e4ch.<\/p>\n<h5><strong><u>Einladung zum Sommerfest 2017 der GR\u00dcNEN im Landkreis<\/u><\/strong><\/h5>\n<p>Wir feiern am <strong>Sonntag, 03. September 2017, von 12.00 Uhr bis 17.00 Uhr, im Ahnepark Vellmar \u2013 Kastanienhof, <\/strong>gemeinsam mit Freunden und dem Wahlkreiskandidat f\u00fcr den Deutschen Bundestag im WK 168, <strong>Boris Mijatovic<\/strong>, sowie unserer Bundestagsabgeordneten <strong>Nicole Maisch <\/strong>aus Kassel.<\/p>\n<p>Wir grillen, k\u00fchle Salate und Getr\u00e4nke stehen bereit. Wer es s\u00fc\u00df mag, f\u00fcr den gibt es Kaffee, Tee, Kuchen und Cr\u00eapes.<\/p>\n","protected":false},"excerpt":{"rendered":"<p>30.08.2017 PRESSEMITTEILUNG GR\u00dcNE Baunatal er\u00f6ffnen Bundestagswahlkampf Am Samstag, 26. August 2017 er\u00f6ffneten die GR\u00dcNEN Baunatal den Bundestagswahlkampf mit einem Stand auf dem Wochenmarkt. In vielen interessanten Gespr\u00e4chen\u00a0 mit B\u00fcrger*innen unserer&#8230; <\/p>\n","protected":false},"author":6,"featured_media":984,"comment_status":"closed","ping_status":"open","sticky":false,"template":"","format":"standard","meta":{"ngg_post_thumbnail":0},"categories":[7099],"tags":[],"_links":{"self":[{"href":"http:\/\/gruene-lk-ks.de\/baunatal\/wp-json\/wp\/v2\/posts\/983"}],"collection":[{"href":"http:\/\/gruene-lk-ks.de\/baunatal\/wp-json\/wp\/v2\/posts"}],"about":[{"href":"http:\/\/gruene-lk-ks.de\/baunatal\/wp-json\/wp\/v2\/types\/post"}],"author":[{"embeddable":true,"href":"http:\/\/gruene-lk-ks.de\/baunatal\/wp-json\/wp\/v2\/users\/6"}],"replies":[{"embeddable":true,"href":"http:\/\/gruene-lk-ks.de\/baunatal\/wp-json\/wp\/v2\/comments?post=983"}],"version-history":[{"count":1,"href":"http:\/\/gruene-lk-ks.de\/baunatal\/wp-json\/wp\/v2\/posts\/983\/revisions"}],"predecessor-version":[{"id":985,"href":"http:\/\/gruene-lk-ks.de\/baunatal\/wp-json\/wp\/v2\/posts\/983\/revisions\/985"}],"wp:featuredmedia":[{"embeddable":true,"href":"http:\/\/gruene-lk-ks.de\/baunatal\/wp-json\/wp\/v2\/media\/984"}],"wp:attachment":[{"href":"http:\/\/gruene-lk-ks.de\/baunatal\/wp-json\/wp\/v2\/media?parent=983"}],"wp:term":[{"taxonomy":"category","embeddable":true,"href":"http:\/\/gruene-lk-ks.de\/baunatal\/wp-json\/wp\/v2\/categories?post=983"},{"taxonomy":"post_tag","embeddable":true,"href":"http:\/\/gruene-lk-ks.de\/baunatal\/wp-json\/wp\/v2\/tags?post=983"}],"curies":[{"name":"wp","href":"https:\/\/api.w.org\/{rel}","templated":true}]}}