{"id":987,"date":"2017-09-04T13:07:29","date_gmt":"2017-09-04T11:07:29","guid":{"rendered":"http:\/\/gruene-lk-ks.de\/baunatal\/?p=987"},"modified":"2017-09-11T14:22:30","modified_gmt":"2017-09-11T12:22:30","slug":"gruener-direktkandidat-im-wk-167-besucht-baunatal","status":"publish","type":"post","link":"http:\/\/gruene-lk-ks.de\/baunatal\/gruener-direktkandidat-im-wk-167-besucht-baunatal\/","title":{"rendered":"GR\u00dcNER Direktkandidat im WK 167 besucht Baunatal"},"content":{"rendered":"<p style=\"text-align: right\">30.08.2017<\/p>\n<p><strong><u>PRESSEMITTEILUNG<\/u><\/strong><\/p>\n<p><strong>GR\u00dcNER Direktkandidat im WK 167 besucht Baunatal<\/strong><\/p>\n<div id=\"attachment_989\" class=\"wp-caption alignleft\" style=\"width: 333px\"><a class=\"fancybox\" rel=\"gallery987\" href=\"http:\/\/gruene-lk-ks.de\/baunatal\/files\/2017\/09\/IMG_3630.jpg\"><img loading=\"lazy\" class=\"wp-image-989\" src=\"http:\/\/gruene-lk-ks.de\/baunatal\/files\/2017\/09\/IMG_3630-800x533.jpg\" alt=\"\" width=\"333\" height=\"222\" srcset=\"http:\/\/gruene-lk-ks.de\/baunatal\/files\/2017\/09\/IMG_3630-800x533.jpg 800w, http:\/\/gruene-lk-ks.de\/baunatal\/files\/2017\/09\/IMG_3630-400x267.jpg 400w, http:\/\/gruene-lk-ks.de\/baunatal\/files\/2017\/09\/IMG_3630-768x512.jpg 768w, http:\/\/gruene-lk-ks.de\/baunatal\/files\/2017\/09\/IMG_3630-150x100.jpg 150w\" sizes=\"(max-width: 333px) 100vw, 333px\" \/><\/a><p class=\"wp-caption-text\">J\u00fcrgen Fr\u00f6mmrich (MdL) im Gespr\u00e4ch mit den B\u00fcrger*innen<\/p><\/div>\n<p>Am Samstag, <strong>2. September 2017 <\/strong>besuchte <strong>J\u00fcrgen Fr\u00f6mmrich<\/strong>, der Direktkandidat von B\u00fcndnis 90\/Die GR\u00dcNEN im WK 167 (Waldeck\/Kassel-Land) zur Bundestagswahl\u00a0 den Wahlstand der GR\u00dcNEN Baunatal auf dem Wochenmarkt in der Baunataler Innenstadt. In vielen offenen, interessanten Gespr\u00e4chen\u00a0 mit B\u00fcrger*innen unserer Stadt stellte J\u00fcrgen Fr\u00f6mmrich, zur Zeit auch GR\u00dcNER Landtagsabgeordneter aus dem Landkreis Waldeck-Frankenberg, seine politischen Zielvorstellungen f\u00fcr das neue Mandat vor. Neben allgemeinen gesellschaftpolitischen Fragen ging er vor allem auf die Themen <strong>\u201cKlimaschutz, b\u00e4uerliche Landwirtschaft, Schutz der<\/strong> <strong>Artenvielfalt und den Ausbau nachhaltiger Technologien\u201c<\/strong> ein, um Wirtschaft und Umwelt in Einklang zu bringen. Nat\u00fcrlich wurde auch heftig \u00fcber Auswirkungen des Dieselskandals auf die Arbeitspl\u00e4tze im Baunataler VW-Werk und die alternativen E-Antriebe diskutiert.<\/p>\n<p>Alle waren sich einig, dass eine erneute Gro\u00dfe Koalition die denkbar schlechteste Alternative nach dem 24. September 2017 ist. Fr\u00f6mmrich warb f\u00fcr ein \u201cGR\u00dcNES Nordhessen\u201c, denn \u201cohne GR\u00dcN ist alles grau\u201c! Sein dringendster Appell war immer: auf jeden Fall w\u00e4hlen gehen und auf keinen Fall Parteien mit populistischen und scheinbar einfachen L\u00f6sungen die Stimme zu geben. Die Welt ist komplexer und es bedarf oft ausgewogener, differenzierter Antworten.<\/p>\n<div id=\"attachment_988\" class=\"wp-caption alignright\" style=\"width: 333px\"><a class=\"fancybox\" rel=\"gallery987\" href=\"http:\/\/gruene-lk-ks.de\/baunatal\/files\/2017\/09\/IMG_3625.jpg\"><img loading=\"lazy\" class=\"wp-image-988\" src=\"http:\/\/gruene-lk-ks.de\/baunatal\/files\/2017\/09\/IMG_3625-800x533.jpg\" alt=\"\" width=\"333\" height=\"222\" srcset=\"http:\/\/gruene-lk-ks.de\/baunatal\/files\/2017\/09\/IMG_3625-800x533.jpg 800w, http:\/\/gruene-lk-ks.de\/baunatal\/files\/2017\/09\/IMG_3625-400x267.jpg 400w, http:\/\/gruene-lk-ks.de\/baunatal\/files\/2017\/09\/IMG_3625-768x512.jpg 768w, http:\/\/gruene-lk-ks.de\/baunatal\/files\/2017\/09\/IMG_3625-150x100.jpg 150w\" sizes=\"(max-width: 333px) 100vw, 333px\" \/><\/a><p class=\"wp-caption-text\">Lothar Rost und J\u00fcrgen Fr\u00f6mmrich (r.) \u201cmachen Wind\u201c<\/p><\/div>\n<p>Der GR\u00dcNE Ortsvereinsvorsitzende <strong>Lothar Rost<\/strong> und der Baunataler Fraktionsvorsitzende <strong>Edmund Borschel<\/strong> erg\u00e4nzten noch die Bitte an alle Baunataler B\u00fcrger*innen: St\u00e4rken Sie mit einem guten Wahlergebnis bei der Bundestagswahl auch die GR\u00dcNEN vor Ort und schenken Sie uns Ihr Vertrauen f\u00fcr eine soziale, familienfreundliche, nachhaltige, zukunftsorientierte Politik, deshalb geht <strong>die Zweitstimme diesmal an die GR\u00dcNEN<\/strong>.<\/p>\n","protected":false},"excerpt":{"rendered":"<p>30.08.2017 PRESSEMITTEILUNG GR\u00dcNER Direktkandidat im WK 167 besucht Baunatal Am Samstag, 2. September 2017 besuchte J\u00fcrgen Fr\u00f6mmrich, der Direktkandidat von B\u00fcndnis 90\/Die GR\u00dcNEN im WK 167 (Waldeck\/Kassel-Land) zur Bundestagswahl\u00a0 den&#8230; <\/p>\n","protected":false},"author":6,"featured_media":988,"comment_status":"closed","ping_status":"open","sticky":false,"template":"","format":"standard","meta":{"ngg_post_thumbnail":0},"categories":[7099],"tags":[],"_links":{"self":[{"href":"http:\/\/gruene-lk-ks.de\/baunatal\/wp-json\/wp\/v2\/posts\/987"}],"collection":[{"href":"http:\/\/gruene-lk-ks.de\/baunatal\/wp-json\/wp\/v2\/posts"}],"about":[{"href":"http:\/\/gruene-lk-ks.de\/baunatal\/wp-json\/wp\/v2\/types\/post"}],"author":[{"embeddable":true,"href":"http:\/\/gruene-lk-ks.de\/baunatal\/wp-json\/wp\/v2\/users\/6"}],"replies":[{"embeddable":true,"href":"http:\/\/gruene-lk-ks.de\/baunatal\/wp-json\/wp\/v2\/comments?post=987"}],"version-history":[{"count":4,"href":"http:\/\/gruene-lk-ks.de\/baunatal\/wp-json\/wp\/v2\/posts\/987\/revisions"}],"predecessor-version":[{"id":993,"href":"http:\/\/gruene-lk-ks.de\/baunatal\/wp-json\/wp\/v2\/posts\/987\/revisions\/993"}],"wp:featuredmedia":[{"embeddable":true,"href":"http:\/\/gruene-lk-ks.de\/baunatal\/wp-json\/wp\/v2\/media\/988"}],"wp:attachment":[{"href":"http:\/\/gruene-lk-ks.de\/baunatal\/wp-json\/wp\/v2\/media?parent=987"}],"wp:term":[{"taxonomy":"category","embeddable":true,"href":"http:\/\/gruene-lk-ks.de\/baunatal\/wp-json\/wp\/v2\/categories?post=987"},{"taxonomy":"post_tag","embeddable":true,"href":"http:\/\/gruene-lk-ks.de\/baunatal\/wp-json\/wp\/v2\/tags?post=987"}],"curies":[{"name":"wp","href":"https:\/\/api.w.org\/{rel}","templated":true}]}}