{"id":994,"date":"2017-09-11T14:19:13","date_gmt":"2017-09-11T12:19:13","guid":{"rendered":"http:\/\/gruene-lk-ks.de\/baunatal\/?p=994"},"modified":"2017-09-11T14:19:13","modified_gmt":"2017-09-11T12:19:13","slug":"stadtspaziergang-durch-altenritte-und-buergergespraech","status":"publish","type":"post","link":"http:\/\/gruene-lk-ks.de\/baunatal\/stadtspaziergang-durch-altenritte-und-buergergespraech\/","title":{"rendered":"Stadtspaziergang durch Altenritte und B\u00fcrgergespr\u00e4ch"},"content":{"rendered":"<p style=\"text-align: right\">13.09.2017<\/p>\n<p style=\"text-align: left\"><strong><u>PRESSEMITTEILUNG<\/u><\/strong><\/p>\n<p><strong><u>Stadtspaziergang durch Altenritte und B\u00fcrgergespr\u00e4ch<\/u><\/strong><\/p>\n<div id=\"attachment_996\" class=\"wp-caption alignright\" style=\"width: 333px\"><a class=\"fancybox\" rel=\"gallery994\" href=\"http:\/\/gruene-lk-ks.de\/baunatal\/files\/2017\/09\/IMG_3681.jpg\"><img loading=\"lazy\" class=\"wp-image-996\" src=\"http:\/\/gruene-lk-ks.de\/baunatal\/files\/2017\/09\/IMG_3681-800x533.jpg\" alt=\"\" width=\"333\" height=\"222\" srcset=\"http:\/\/gruene-lk-ks.de\/baunatal\/files\/2017\/09\/IMG_3681-800x533.jpg 800w, http:\/\/gruene-lk-ks.de\/baunatal\/files\/2017\/09\/IMG_3681-400x267.jpg 400w, http:\/\/gruene-lk-ks.de\/baunatal\/files\/2017\/09\/IMG_3681-768x512.jpg 768w, http:\/\/gruene-lk-ks.de\/baunatal\/files\/2017\/09\/IMG_3681-150x100.jpg 150w\" sizes=\"(max-width: 333px) 100vw, 333px\" \/><\/a><p class=\"wp-caption-text\">Situation in der Hessenbergstra\u00dfe<\/p><\/div>\n<p>Auf Einladung der GR\u00dcNEN und unter Begleitung der Stadtverordneten <strong>Kamela<\/strong> <strong>Mohtezebsade<\/strong> sowie dem Stadtrat <strong>J\u00fcrgen B\u00f6hme<\/strong> fand am Montag dem 4. September 2017 ein Stadtspaziergang durch Altenritte mit B\u00fcrgergespr\u00e4ch statt. Ein gutes Dutzend interessierter Anwohner*innen traf sich zun\u00e4chst an der Bushaltestelle Finkenstra\u00dfe, um sich \u00fcber die Probleme der Anlieger bei der Laubbeseitigung im Herbst in diesem Abschnitt auszutauschen. Bei den meisten, teilweise \u00e4lteren B\u00fcrger*innen, herrschte Entt\u00e4uschung, dass die Stadt immer noch keine L\u00f6sungsans\u00e4tze publiziert hat aber auch Unverst\u00e4ndnis, dass die l\u00e4ngj\u00e4hrige bew\u00e4hrte Einsammlung des Laubs st\u00e4dtischer B\u00e4ume im Herbst durch den Bauhof seit 2 Jahren ausgesetzt wurde.<\/p>\n<p>Ebenso wurde auch das enorme Verkehrsaufkommen entlang der Wilhelmsh\u00f6her Stra\u00dfe kritisiert, nach der Ausweisung der Umgehungsstra\u00dfe wegen der Bauma\u00dfnahmen in Elgershausen. Die Beschilderung zur Umleitung Baunatal beim Abzweig nach Altenritte f\u00fchrt zur Verkehrsumlenkung, Raserei mit gef\u00e4hrlichen Situationen in der 30-er Zone und L\u00e4rmbel\u00e4stigung, obwohl die Stra\u00dfenbauma\u00dfnahme inzwischen abgeschlossen ist. Der GR\u00dcNE <strong>Fraktionsvorsitzende Edmund Borschel<\/strong> versprach, sich mit Hessen-Mobil und der Verwaltung in Schauenburg in Verbindung zu setzen zwecks Abbau der \u00fcberholten Umleitungshinweise und verwies auf seine Fragen in der Stadtverordnetenversammlung.<\/p>\n<div id=\"attachment_995\" class=\"wp-caption alignleft\" style=\"width: 333px\"><a class=\"fancybox\" rel=\"gallery994\" href=\"http:\/\/gruene-lk-ks.de\/baunatal\/files\/2017\/09\/IMG_3679.jpg\"><img loading=\"lazy\" class=\"wp-image-995\" src=\"http:\/\/gruene-lk-ks.de\/baunatal\/files\/2017\/09\/IMG_3679-800x533.jpg\" alt=\"\" width=\"333\" height=\"222\" srcset=\"http:\/\/gruene-lk-ks.de\/baunatal\/files\/2017\/09\/IMG_3679-800x533.jpg 800w, http:\/\/gruene-lk-ks.de\/baunatal\/files\/2017\/09\/IMG_3679-400x267.jpg 400w, http:\/\/gruene-lk-ks.de\/baunatal\/files\/2017\/09\/IMG_3679-768x512.jpg 768w, http:\/\/gruene-lk-ks.de\/baunatal\/files\/2017\/09\/IMG_3679-150x100.jpg 150w\" sizes=\"(max-width: 333px) 100vw, 333px\" \/><\/a><p class=\"wp-caption-text\">Heckenbewuchs an der Haltestelle<\/p><\/div>\n<p>In der Hessenbergstra\u00dfe nahe der Kita-Altenritte wurde ein weiterer Stop eingelegt, da in diesem Abschnitt aufgezeigt wurde, wie die Wurzeln hochgewachsener B\u00e4ume das B\u00fcrgersteigpflaster nach oben dr\u00fccken. Ebenso wurde von Anwohnern bem\u00e4ngelt, dass die Stadt im Bereich der Kita oft ihren Reinigungspflichten nicht nachkommt.<\/p>\n<p>Letzte Station lag im M\u00fchlenweg entlang der Bauna sowie beim Baumbestand in diesem Gebiet. Auch hier haben Anwohner*innen die GR\u00dcNEN kontaktiert, da sogar Eigentum, also H\u00e4user und Mauern durch Baumwurzeln betroffen sind.<\/p>\n","protected":false},"excerpt":{"rendered":"<p>13.09.2017 PRESSEMITTEILUNG Stadtspaziergang durch Altenritte und B\u00fcrgergespr\u00e4ch Auf Einladung der GR\u00dcNEN und unter Begleitung der Stadtverordneten Kamela Mohtezebsade sowie dem Stadtrat J\u00fcrgen B\u00f6hme fand am Montag dem 4. September 2017&#8230; <\/p>\n","protected":false},"author":6,"featured_media":995,"comment_status":"closed","ping_status":"open","sticky":false,"template":"","format":"standard","meta":{"ngg_post_thumbnail":0},"categories":[1],"tags":[],"_links":{"self":[{"href":"http:\/\/gruene-lk-ks.de\/baunatal\/wp-json\/wp\/v2\/posts\/994"}],"collection":[{"href":"http:\/\/gruene-lk-ks.de\/baunatal\/wp-json\/wp\/v2\/posts"}],"about":[{"href":"http:\/\/gruene-lk-ks.de\/baunatal\/wp-json\/wp\/v2\/types\/post"}],"author":[{"embeddable":true,"href":"http:\/\/gruene-lk-ks.de\/baunatal\/wp-json\/wp\/v2\/users\/6"}],"replies":[{"embeddable":true,"href":"http:\/\/gruene-lk-ks.de\/baunatal\/wp-json\/wp\/v2\/comments?post=994"}],"version-history":[{"count":2,"href":"http:\/\/gruene-lk-ks.de\/baunatal\/wp-json\/wp\/v2\/posts\/994\/revisions"}],"predecessor-version":[{"id":998,"href":"http:\/\/gruene-lk-ks.de\/baunatal\/wp-json\/wp\/v2\/posts\/994\/revisions\/998"}],"wp:featuredmedia":[{"embeddable":true,"href":"http:\/\/gruene-lk-ks.de\/baunatal\/wp-json\/wp\/v2\/media\/995"}],"wp:attachment":[{"href":"http:\/\/gruene-lk-ks.de\/baunatal\/wp-json\/wp\/v2\/media?parent=994"}],"wp:term":[{"taxonomy":"category","embeddable":true,"href":"http:\/\/gruene-lk-ks.de\/baunatal\/wp-json\/wp\/v2\/categories?post=994"},{"taxonomy":"post_tag","embeddable":true,"href":"http:\/\/gruene-lk-ks.de\/baunatal\/wp-json\/wp\/v2\/tags?post=994"}],"curies":[{"name":"wp","href":"https:\/\/api.w.org\/{rel}","templated":true}]}}