{"id":487,"date":"2021-04-25T19:34:58","date_gmt":"2021-04-25T17:34:58","guid":{"rendered":"http:\/\/gruene-lk-ks.de\/niestetal\/?p=487"},"modified":"2022-04-12T09:13:24","modified_gmt":"2022-04-12T07:13:24","slug":"erster-beigeordneter-von-den-gruenen","status":"publish","type":"post","link":"http:\/\/gruene-lk-ks.de\/niestetal\/2021\/04\/25\/erster-beigeordneter-von-den-gruenen\/","title":{"rendered":"Erster Beigeordneter und 2. Gemeindevorstandsmitglied von den Gr\u00fcnen"},"content":{"rendered":"\n<p>B\u00fcndnis 90\/Die Gr\u00fcnen stellt erstmals mit Bernhard Steinbach den Ersten Beigeordneten der Gemeinde Niestetal. In der konstituierenden Sitzung der Gemeindevertretung am 22.04.2021 wurde Steinbach als gemeinsamer Wahlvorschlag der Gr\u00fcnen und der SPD mit Mehrheit gew\u00e4hlt. Dazu gratulieren Fraktion und Partei herzlich und w\u00fcnschen ihm gutes Gelingen bei seiner Arbeit f\u00fcr die Gemeinde. In der Sitzung wurden dann auch noch \u00c4nderungen der Hauptsatzung beschlossen, die im Ergebnis dazu gef\u00fchrt haben, dass die Gr\u00fcnen mit Martina Brinkmann ab 20.05.2021 auch noch eine weitere Person in den Gemeindevorstand entsenden k\u00f6nnen.<\/p>\n\n\n\n<p>Bereits zuvor hat die Kommunalwahl vom 14.03.2021 auch B\u00fcndnis 90\/Die Gr\u00fcnen in Niestetal einen Stimmenzuwachs und damit einen zus\u00e4tzlichen Sitz in der Gemeindevertretung beschert. Die neugew\u00e4hlte Fraktion besteht nun aus f\u00fcnf Mitgliedern: Kai Bartling als Fraktionsvorsitzender und Dr. Volkhard Franz, Kristina Gundlach, Alois Lorscheider-Brinkmann und Luisa Steinbach jeweils als gleichrangige stellvertretende Fraktionsvorsitzende. Die langj\u00e4hrige Fraktionsvorsitzende Barbara Elsas ist aus der Gemeindevertretung ausgeschieden, nachdem sie bei der Kommunalwahl nicht mehr angetreten war. Fraktion und Partei bedanken sich bei ihr f\u00fcr ihr Engagement und ihr Eintreten f\u00fcr Gr\u00fcne Politik in der Vergangenheit und freuen sich, dass sie ihnen als Ansprechpartnerin erhalten bleibt.<\/p>\n","protected":false},"excerpt":{"rendered":"<p>B\u00fcndnis 90\/Die Gr\u00fcnen stellt erstmals mit Bernhard Steinbach den Ersten Beigeordneten der Gemeinde Niestetal. In der konstituierenden Sitzung der Gemeindevertretung am 22.04.2021 wurde Steinbach als gemeinsamer Wahlvorschlag der Gr\u00fcnen und&#8230; <\/p>\n","protected":false},"author":19,"featured_media":0,"comment_status":"closed","ping_status":"closed","sticky":true,"template":"","format":"standard","meta":{"ngg_post_thumbnail":0},"categories":[2],"tags":[],"_links":{"self":[{"href":"http:\/\/gruene-lk-ks.de\/niestetal\/wp-json\/wp\/v2\/posts\/487"}],"collection":[{"href":"http:\/\/gruene-lk-ks.de\/niestetal\/wp-json\/wp\/v2\/posts"}],"about":[{"href":"http:\/\/gruene-lk-ks.de\/niestetal\/wp-json\/wp\/v2\/types\/post"}],"author":[{"embeddable":true,"href":"http:\/\/gruene-lk-ks.de\/niestetal\/wp-json\/wp\/v2\/users\/19"}],"replies":[{"embeddable":true,"href":"http:\/\/gruene-lk-ks.de\/niestetal\/wp-json\/wp\/v2\/comments?post=487"}],"version-history":[{"count":3,"href":"http:\/\/gruene-lk-ks.de\/niestetal\/wp-json\/wp\/v2\/posts\/487\/revisions"}],"predecessor-version":[{"id":498,"href":"http:\/\/gruene-lk-ks.de\/niestetal\/wp-json\/wp\/v2\/posts\/487\/revisions\/498"}],"wp:attachment":[{"href":"http:\/\/gruene-lk-ks.de\/niestetal\/wp-json\/wp\/v2\/media?parent=487"}],"wp:term":[{"taxonomy":"category","embeddable":true,"href":"http:\/\/gruene-lk-ks.de\/niestetal\/wp-json\/wp\/v2\/categories?post=487"},{"taxonomy":"post_tag","embeddable":true,"href":"http:\/\/gruene-lk-ks.de\/niestetal\/wp-json\/wp\/v2\/tags?post=487"}],"curies":[{"name":"wp","href":"https:\/\/api.w.org\/{rel}","templated":true}]}}