{"id":526,"date":"2021-10-06T19:26:03","date_gmt":"2021-10-06T17:26:03","guid":{"rendered":"http:\/\/gruene-lk-ks.de\/niestetal\/?p=526"},"modified":"2023-10-06T18:18:43","modified_gmt":"2023-10-06T16:18:43","slug":"neuer-ov-vorstand-gewaehlt","status":"publish","type":"post","link":"http:\/\/gruene-lk-ks.de\/niestetal\/2021\/10\/06\/neuer-ov-vorstand-gewaehlt\/","title":{"rendered":"Neuer OV-Vorstand gew\u00e4hlt"},"content":{"rendered":"\n<p>Der Niestetaler Ortsverband von B\u00fcndnis 90\/Die Gr\u00fcnen hat auf seiner Jahreshauptversammlung am 04.10.2021 einen neuen Vorstand gew\u00e4hlt. Silke F\u00f6rster und Dr. Volkhard Franz wurden von den anwesenden Mitgliedern einstimmig zu gleichberechtigten Vorsitzenden gew\u00e4hlt. Das Duo folgt auf Kai Bartling, der nach seiner Wahl zum Vorsitzenden der Fraktion von B\u00fcndnis 90\/Die Gr\u00fcnen in der Niestetaler Gemeindevertretung im April nicht wieder kandidiert hat. Neben den neu gew\u00e4hlten Vorsitzenden wurden Bernhard Steinbach als stellvertretender Vorsitzender und Barbara Elsas als Schatzmeisterin ebenfalls einstimmig in ihren \u00c4mtern best\u00e4tigt.<\/p>\n\n\n\n<p>Wir danken dem ausgeschiedenen Vorsitzenden f\u00fcr seine Arbeit und w\u00fcnschen dem neuen Vorstand alles Gute.<\/p>\n","protected":false},"excerpt":{"rendered":"<p>Der Niestetaler Ortsverband von B\u00fcndnis 90\/Die Gr\u00fcnen hat auf seiner Jahreshauptversammlung am 04.10.2021 einen neuen Vorstand gew\u00e4hlt. Silke F\u00f6rster und Dr. Volkhard Franz wurden von den anwesenden Mitgliedern einstimmig zu&#8230; <\/p>\n","protected":false},"author":19,"featured_media":0,"comment_status":"closed","ping_status":"closed","sticky":true,"template":"","format":"standard","meta":{"ngg_post_thumbnail":0},"categories":[2],"tags":[],"_links":{"self":[{"href":"http:\/\/gruene-lk-ks.de\/niestetal\/wp-json\/wp\/v2\/posts\/526"}],"collection":[{"href":"http:\/\/gruene-lk-ks.de\/niestetal\/wp-json\/wp\/v2\/posts"}],"about":[{"href":"http:\/\/gruene-lk-ks.de\/niestetal\/wp-json\/wp\/v2\/types\/post"}],"author":[{"embeddable":true,"href":"http:\/\/gruene-lk-ks.de\/niestetal\/wp-json\/wp\/v2\/users\/19"}],"replies":[{"embeddable":true,"href":"http:\/\/gruene-lk-ks.de\/niestetal\/wp-json\/wp\/v2\/comments?post=526"}],"version-history":[{"count":1,"href":"http:\/\/gruene-lk-ks.de\/niestetal\/wp-json\/wp\/v2\/posts\/526\/revisions"}],"predecessor-version":[{"id":527,"href":"http:\/\/gruene-lk-ks.de\/niestetal\/wp-json\/wp\/v2\/posts\/526\/revisions\/527"}],"wp:attachment":[{"href":"http:\/\/gruene-lk-ks.de\/niestetal\/wp-json\/wp\/v2\/media?parent=526"}],"wp:term":[{"taxonomy":"category","embeddable":true,"href":"http:\/\/gruene-lk-ks.de\/niestetal\/wp-json\/wp\/v2\/categories?post=526"},{"taxonomy":"post_tag","embeddable":true,"href":"http:\/\/gruene-lk-ks.de\/niestetal\/wp-json\/wp\/v2\/tags?post=526"}],"curies":[{"name":"wp","href":"https:\/\/api.w.org\/{rel}","templated":true}]}}