{"id":603,"date":"2025-01-22T19:50:32","date_gmt":"2025-01-22T18:50:32","guid":{"rendered":"http:\/\/gruene-lk-ks.de\/niestetal\/?p=603"},"modified":"2025-01-22T19:50:32","modified_gmt":"2025-01-22T18:50:32","slug":"gemeinsame-erklaerung-fuer-demokratie-und-vielfalt-und-gegen-extremismus","status":"publish","type":"post","link":"http:\/\/gruene-lk-ks.de\/niestetal\/2025\/01\/22\/gemeinsame-erklaerung-fuer-demokratie-und-vielfalt-und-gegen-extremismus\/","title":{"rendered":"Gemeinsame Erkl\u00e4rung f\u00fcr Demokratie und Vielfalt und gegen Extremismus"},"content":{"rendered":"\n<p>In einem Treffen im Oktober 2024, an dem Vertreter aller vier in der Niestetaler Gemeindevertretung vertretenen Parteien teilgenommen hatten, wurde eine gemeinsame Erkl\u00e4rung f\u00fcr Demokratie und Vielfalt und gegen Extremismus besprochen. Im November hat die CDU Niestetal dann aber unter Hinweis auf bundespolitische Ereignisse mitgeteilt, dass sie von einer politischen Bekundung gegen Extremismus absieht. Die mangelnde Bereitschaft, sich in der aktuellen Zeit konsequent gegen extremistische und demokratiefeindliche Bestrebungen zu positionieren, wurde von B\u00fcndnis 90\/Die Gr\u00fcnen und SPD mit Bedauern und Unverst\u00e4ndnis zur Kenntnis genommen. Die beiden Parteien haben auch deshalb an einer gemeinsamen Erkl\u00e4rung festgehalten, weil gerade jetzt und auch in Niestetal extremistische Bestrebungen v.a. von rechts eine gro\u00dfe Gefahr f\u00fcr den Zusammenhalt und das friedliche Miteinander in unserer Gesellschaft darstellen. Das zeigen zuletzt u.a. Aktivit\u00e4ten eines Niestetaler Unternehmers in Kreisen extremistischer Reichsb\u00fcrger (<a href=\"https:\/\/www.hessenschau.de\/gesellschaft\/vortrag-ueber-die-brd-gmbh-reichsbuerger-werben-bei-unternehmer-um-nachwuchs-v2,reichsbuerger-nordhessen-100.html\">https:\/\/www.hessenschau.de\/gesellschaft\/vortrag-ueber-die-brd-gmbh-reichsbuerger-werben-bei-unternehmer-um-nachwuchs-v2,reichsbuerger-nordhessen-100.html<\/a>), die nach Einsch\u00e4tzung des Bundesamtes f\u00fcr Verfassungsschutz \u201edie fundamentale Ablehnung der Existenz oder Legitimit\u00e4t der Bundesrepublik Deutschland sowie deren Rechtsordnung\u201c als wesentlichen Bestandteil ihrer Szene betrachten (<a href=\"https:\/\/www.verfassungsschutz.de\/DE\/themen\/reichsbuerger-und-selbstverwalter\/reichsbuerger-und-selbstverwalter_node.html\">https:\/\/www.verfassungsschutz.de\/DE\/themen\/reichsbuerger-und-selbstverwalter\/reichsbuerger-und-selbstverwalter_node.html<\/a>).<\/p>\n\n\n\n<p>Nach eingehenden konstruktiven Diskussionen haben B\u00fcndnis 90\/Die Gr\u00fcnen, SPD und W.i.N. in Niestetal den folgenden Text beschlossen:<\/p>\n\n\n\n<p class=\"has-text-align-center\">**********************************************************************************************************************************<\/p>\n\n\n\n<p class=\"has-text-align-center\"><strong><u>Bekenntnis zu Demokratie und Vielfalt<\/u><\/strong><\/p>\n\n\n\n<p class=\"has-text-align-center\">&#8211; <strong><u>gemeinsam gegen Extremismus<\/u><\/strong><\/p>\n\n\n\n<p>Mit wachsender Besorgnis beobachten wir Versuche extremistischer Gruppierungen, grundlegende demokratische Prinzipien wie die Achtung der Menschenrechte und den Schutz der individuellen Freiheit zu untergraben. Diese Bestrebungen gef\u00e4hrden nicht nur unsere freiheitlich demokratische Grundordnung, sondern auch den Zusammenhalt und das friedliche Miteinander in unserer Gesellschaft.<\/p>\n\n\n\n<p>Extremistische Gefahren sind vielf\u00e4ltig und reichen von politischen rechts- und linksextremen Positionen bis zu religi\u00f6sem Extremismus, der zunehmend an Einfluss gewinnt.<\/p>\n\n\n\n<p>Der Rechtsextremismus stellt derzeit die gr\u00f6\u00dfte Bedrohung f\u00fcr die Stabilit\u00e4t und Sicherheit unserer Demokratie dar.<\/p>\n\n\n\n<p>Niestetal ist eine Gemeinde der Vielfalt und des gegenseitigen Respekts. Unabh\u00e4ngig von Herkunft, Geschlecht, Religion, Alter, sexueller Orientierung oder sozialer Stellung schaffen wir weiterhin eine Umgebung, in der sich alle Menschen ohne Angst, wertgesch\u00e4tzt und frei entfalten k\u00f6nnen. Wir f\u00f6rdern ein lebendiges und inklusives Zusammenleben, das die Potenziale aller Menschen anerkennt und unterst\u00fctzt.<\/p>\n\n\n\n<p>Als politische Vertreterinnen und Vertreter der Gemeinde Niestetal setzen wir uns daher konsequent f\u00fcr ein respektvolles, gewaltfreies Miteinander ein und f\u00f6rdern einen Dialog, der unterschiedliche Perspektiven wertsch\u00e4tzt und Raum f\u00fcr kritischen Austausch bietet. Unser Bekenntnis f\u00fcr Demokratie ist klar und unmissverst\u00e4ndlich: Extremismus hat in Niestetal weiterhin keinen Platz!<\/p>\n\n\n\n<p>Wir laden alle Niestetalerinnen und Niestetaler dazu ein, sich weiterhin f\u00fcr eine demokratische, solidarische und offene Gemeinschaft einzusetzen. Gemeinsam k\u00f6nnen wir daf\u00fcr sorgen, dass Niestetal ein Ort bleibt, der f\u00fcr Toleranz, Weltoffenheit und soziale Verantwortung steht &#8211; kurz: unser Niestetal.<\/p>\n\n\n\n<p>Niestetal, im Januar 2025<\/p>\n\n\n\n<p><em>B\u00dcNDNIS 90\/DIE GR\u00dcNEN\u00a0\u00a0\u00a0\u00a0\u00a0\u00a0\u00a0\u00a0 SPD\u00a0\u00a0\u00a0\u00a0\u00a0\u00a0\u00a0\u00a0\u00a0\u00a0\u00a0\u00a0\u00a0\u00a0\u00a0\u00a0\u00a0\u00a0\u00a0\u00a0\u00a0\u00a0\u00a0\u00a0\u00a0\u00a0\u00a0\u00a0\u00a0\u00a0\u00a0\u00a0      W.i.N<\/em><\/p>\n\n\n\n<p><em>Ortsverband Niestetal\u00a0\u00a0\u00a0\u00a0\u00a0\u00a0\u00a0\u00a0\u00a0\u00a0\u00a0\u00a0\u00a0\u00a0\u00a0\u00a0Ortsverein Niestetal\u00a0\u00a0\u00a0\u00a0\u00a0\u00a0\u00a0\u00a0\u00a0\u00a0Eingetragener Verein<\/em><\/p>\n\n\n\n<p class=\"has-text-align-center\"><em>und die jeweiligen Fraktionen in der\u00a0Gemeindevertretung Niestetal<\/em><\/p>\n\n\n\n<p><\/p>\n\n\n\n<p>**********************************************************************************************************************************<\/p>\n\n\n\n<p class=\"has-text-align-center has-medium-font-size\">Gehen Sie am 23. Februar w\u00e4hlen<\/p>\n\n\n\n<p class=\"has-text-align-center has-medium-font-size\">und geben Ihre Stimmen demokratischen Parteien!<\/p>\n","protected":false},"excerpt":{"rendered":"<p>In einem Treffen im Oktober 2024, an dem Vertreter aller vier in der Niestetaler Gemeindevertretung vertretenen Parteien teilgenommen hatten, wurde eine gemeinsame Erkl\u00e4rung f\u00fcr Demokratie und Vielfalt und gegen Extremismus&#8230; <\/p>\n","protected":false},"author":19,"featured_media":0,"comment_status":"open","ping_status":"open","sticky":true,"template":"","format":"standard","meta":{"ngg_post_thumbnail":0},"categories":[2],"tags":[],"_links":{"self":[{"href":"http:\/\/gruene-lk-ks.de\/niestetal\/wp-json\/wp\/v2\/posts\/603"}],"collection":[{"href":"http:\/\/gruene-lk-ks.de\/niestetal\/wp-json\/wp\/v2\/posts"}],"about":[{"href":"http:\/\/gruene-lk-ks.de\/niestetal\/wp-json\/wp\/v2\/types\/post"}],"author":[{"embeddable":true,"href":"http:\/\/gruene-lk-ks.de\/niestetal\/wp-json\/wp\/v2\/users\/19"}],"replies":[{"embeddable":true,"href":"http:\/\/gruene-lk-ks.de\/niestetal\/wp-json\/wp\/v2\/comments?post=603"}],"version-history":[{"count":8,"href":"http:\/\/gruene-lk-ks.de\/niestetal\/wp-json\/wp\/v2\/posts\/603\/revisions"}],"predecessor-version":[{"id":611,"href":"http:\/\/gruene-lk-ks.de\/niestetal\/wp-json\/wp\/v2\/posts\/603\/revisions\/611"}],"wp:attachment":[{"href":"http:\/\/gruene-lk-ks.de\/niestetal\/wp-json\/wp\/v2\/media?parent=603"}],"wp:term":[{"taxonomy":"category","embeddable":true,"href":"http:\/\/gruene-lk-ks.de\/niestetal\/wp-json\/wp\/v2\/categories?post=603"},{"taxonomy":"post_tag","embeddable":true,"href":"http:\/\/gruene-lk-ks.de\/niestetal\/wp-json\/wp\/v2\/tags?post=603"}],"curies":[{"name":"wp","href":"https:\/\/api.w.org\/{rel}","templated":true}]}}