{"id":1,"date":"2021-01-20T19:00:00","date_gmt":"2021-01-20T18:00:00","guid":{"rendered":"http:\/\/gruene-lk-ks.de\/zierenberg\/?p=1"},"modified":"2024-08-16T05:49:29","modified_gmt":"2024-08-16T03:49:29","slug":"grundung-des-ortsverbands-bundnis-90-die-grunen-zierenberg","status":"publish","type":"post","link":"http:\/\/gruene-lk-ks.de\/zierenberg\/2021\/01\/20\/grundung-des-ortsverbands-bundnis-90-die-grunen-zierenberg\/","title":{"rendered":"Gr\u00fcndung des Ortsverbands B\u00fcndnis 90 \/ Die Gr\u00fcnen Zierenberg"},"content":{"rendered":"<section class=\"entry-content clearfix\">Zierenberg \u2013 Erstmals werden auch B\u00fcndnis 90 \/ Die Gr\u00fcnen zur Kommunalwahl in Zierenberg antreten, um ehrenamtlich wichtige, gesellschaftliche Themen im Magistrat und der Stadtverordnetenversammlung umzusetzen. Daf\u00fcr hat sich am 15.12.2020 der Ortsverband Gr\u00fcne-Zierenberg gegr\u00fcndet. Dabei steht im Ortsverband klar die gemeinsame, inhaltliche Arbeit f\u00fcr die B\u00fcrgerinnen und B\u00fcrger im Vordergrund.<p><\/p>\n<p>\u201eSpitzenkanditaten-Denken und Machtgeschachere liegen uns fern. Wir wollen Realpolitik betreiben und nicht als \u00d6ko-Tr\u00e4umer gesehen werden\u201c, so Timo R\u00f6sler (Sprecher des neu gegr\u00fcndeten OV), \u201eAu\u00dferdem war es l\u00e4ngst \u00fcberf\u00e4llig, dass man f\u00fcr die bundesweit zweitst\u00e4rkste Partei nun auch bei einer Kommunalwahl sein Kreuz bei den Gr\u00fcnen in Zierenberg setzen kann\u201c.<\/p>\n<p>Bei den Kernthemen stehen die konzeptionelle Weiterentwicklung der Kinder- und Jugendarbeit, sowie die Themen Kinderbetreuung, U3 Gruppen und familienfreundliche Verkehrspolitik vorne auf der Agenda. GR\u00dcNE zukunftsweisende Kernthemen wie E-Mobilit\u00e4t und Klimaschutz, sowie der Ausbau der Radwege und des \u00d6PNV besonders zwischen den Ortsteilen und der Kernstadt sind uns ein gro\u00dfes Anliegen. Der Ausbau der digitalen Infrastruktur wird perspektivisch dar\u00fcber entscheiden, wie attraktiv das Leben und Arbeiten in Zierenberg und seinen Ortsteilen ist. Digitalisierung als Kommunikationsweg zwischen B\u00fcrger*innen und Verwaltung \u2013 sowie B\u00fcrger*innen und Politik auch in Zukunft \u00fcber Corona hinaus mitzudenken, w\u00e4re uns ein Anliegen.<\/p>\n<p>Zierenberg und seine Ortsteile liegen nah an Kassel und trotzdem mitten in wundersch\u00f6nster Natur und Naturschutzgebieten. Dass der Klimawandel dieser Landschaft hart zusetzt, konnten wir alle in diesem Sommer besonders gut sehen. In diesem Jahr haben coronabedingt viele Leute die N\u00e4he zur Natur und sch\u00f6nen Orten in ihrer Umgebung neu sch\u00e4tzen gelernt. Hier kann Zierenberg mit vielen attraktiven Angeboten punkten. An dieser Stelle den sanften Tourismus weiter auszubauen, und davon auch als Wirtschaftsfaktor zu profitieren, daf\u00fcr wollen wir uns einsetzen.<br>Zierenberg und besonders seine Ortsteile sind stark gepr\u00e4gt von der Landwirtschaft. Dass die regionale Landwirtschaft Grundlage unseres Lebens ist, wurde in diesem Jahr besonders deutlich, als an den Grenzen die Lieferketten ins Stocken gerieten. B\u00e4uerliche Landwirtschaft, die regional erzeugt und vermarktet ist ein wichtiger Baustein im Kampf gegen den Klimawandel. Gleichzeitig gilt es die Biodiversit\u00e4t zu erhalten. Besonders am Beispiel der Bienen wird deutlich, dass sie zunehmend erschwerte Lebensbedingungen vorfinden. Hier wollen wir uns f\u00fcr Ver\u00e4nderungen stark machen.<\/p>\n<p>Wir freuen uns, dass Zierenberg so viel Bereicherung gefunden hat, durch Neub\u00fcrger aus nah und fern. Die Integration aller Mitb\u00fcrger in ein kulturell lebendiges Stadtleben ist uns wichtig. Das Leben ist bunt und divers und diese Diversit\u00e4t w\u00fcnschen wir uns auch in der Zierenberger Stadtgesellschaft.&nbsp; Zumindest in Alter und Geschlecht spiegelt sich diese auch schon in unserem GR\u00dcNEN Ortsverband wieder.<\/p>\n<p>Wir freuen uns, in Zukunft an der Gestaltung der Kommunalpolitik mitwirken zu d\u00fcrfen.<\/p>\n<\/section>\n\n\n<figure class=\"wp-block-image size-large\"><img loading=\"lazy\" width=\"800\" height=\"533\" src=\"http:\/\/gruene-lk-ks.de\/zierenberg\/files\/2021\/01\/Gruendung_OV_15_12_2020-2-800x533.jpg\" alt=\"\" class=\"wp-image-43\" srcset=\"http:\/\/gruene-lk-ks.de\/zierenberg\/files\/2021\/01\/Gruendung_OV_15_12_2020-2-800x533.jpg 800w, http:\/\/gruene-lk-ks.de\/zierenberg\/files\/2021\/01\/Gruendung_OV_15_12_2020-2-400x267.jpg 400w, http:\/\/gruene-lk-ks.de\/zierenberg\/files\/2021\/01\/Gruendung_OV_15_12_2020-2-768x512.jpg 768w, http:\/\/gruene-lk-ks.de\/zierenberg\/files\/2021\/01\/Gruendung_OV_15_12_2020-2-1536x1024.jpg 1536w, http:\/\/gruene-lk-ks.de\/zierenberg\/files\/2021\/01\/Gruendung_OV_15_12_2020-2-2048x1365.jpg 2048w, http:\/\/gruene-lk-ks.de\/zierenberg\/files\/2021\/01\/Gruendung_OV_15_12_2020-2-150x100.jpg 150w\" sizes=\"(max-width: 800px) 100vw, 800px\" \/><\/figure>\n","protected":false},"excerpt":{"rendered":"<p>Zierenberg \u2013 Erstmals werden auch B\u00fcndnis 90 \/ Die Gr\u00fcnen zur Kommunalwahl in Zierenberg antreten, um ehrenamtlich wichtige, gesellschaftliche Themen im Magistrat und der Stadtverordnetenversammlung umzusetzen. Daf\u00fcr hat sich am&#8230; <\/p>\n","protected":false},"author":22,"featured_media":43,"comment_status":"closed","ping_status":"closed","sticky":false,"template":"","format":"standard","meta":{"ngg_post_thumbnail":0},"categories":[8],"tags":[7],"_links":{"self":[{"href":"http:\/\/gruene-lk-ks.de\/zierenberg\/wp-json\/wp\/v2\/posts\/1"}],"collection":[{"href":"http:\/\/gruene-lk-ks.de\/zierenberg\/wp-json\/wp\/v2\/posts"}],"about":[{"href":"http:\/\/gruene-lk-ks.de\/zierenberg\/wp-json\/wp\/v2\/types\/post"}],"author":[{"embeddable":true,"href":"http:\/\/gruene-lk-ks.de\/zierenberg\/wp-json\/wp\/v2\/users\/22"}],"replies":[{"embeddable":true,"href":"http:\/\/gruene-lk-ks.de\/zierenberg\/wp-json\/wp\/v2\/comments?post=1"}],"version-history":[{"count":5,"href":"http:\/\/gruene-lk-ks.de\/zierenberg\/wp-json\/wp\/v2\/posts\/1\/revisions"}],"predecessor-version":[{"id":57,"href":"http:\/\/gruene-lk-ks.de\/zierenberg\/wp-json\/wp\/v2\/posts\/1\/revisions\/57"}],"wp:featuredmedia":[{"embeddable":true,"href":"http:\/\/gruene-lk-ks.de\/zierenberg\/wp-json\/wp\/v2\/media\/43"}],"wp:attachment":[{"href":"http:\/\/gruene-lk-ks.de\/zierenberg\/wp-json\/wp\/v2\/media?parent=1"}],"wp:term":[{"taxonomy":"category","embeddable":true,"href":"http:\/\/gruene-lk-ks.de\/zierenberg\/wp-json\/wp\/v2\/categories?post=1"},{"taxonomy":"post_tag","embeddable":true,"href":"http:\/\/gruene-lk-ks.de\/zierenberg\/wp-json\/wp\/v2\/tags?post=1"}],"curies":[{"name":"wp","href":"https:\/\/api.w.org\/{rel}","templated":true}]}}