{"id":155,"date":"2021-07-25T13:42:15","date_gmt":"2021-07-25T11:42:15","guid":{"rendered":"http:\/\/gruene-lk-ks.de\/zierenberg\/?p=155"},"modified":"2024-08-16T05:47:18","modified_gmt":"2024-08-16T03:47:18","slug":"gruene-starten-in-die-erste-legislaturperiode","status":"publish","type":"post","link":"http:\/\/gruene-lk-ks.de\/zierenberg\/2021\/07\/25\/gruene-starten-in-die-erste-legislaturperiode\/","title":{"rendered":"GR\u00dcNE starten in die erste Legislaturperiode"},"content":{"rendered":"\n<p>In den letzten Wochen haben wir flei\u00dfig an unseren ersten Antr\u00e4gen f\u00fcr aus unserer Sicht wichtige Ver\u00e4nderungen f\u00fcr Zierenberg gearbeitet.<\/p>\n\n\n\n<p>Im Juli 2021 geht es nun endlich los &#8211; wir starten in unsere erste Legislaturperiode:<\/p>\n\n\n\n<p>Montag 05.07.2021, 20.00 &#8211; 22.00 Uhr: Ausschuss f\u00fcr Umwelt, Stadtentwicklung&amp; Wirtschaftsf\u00f6rderung (USW)<\/p>\n\n\n\n<p>Dienstag 06.07.2021, 20.00 &#8211; 22.00 Uhr: Ausschuss f\u00fcr Jugend, Senioren, Sport &amp; Soziales (JSSS)<\/p>\n\n\n\n<p>Donnerstag 08.07.2021, 20.00 &#8211; 22.00 Uhr: Haupt- und Finanzausschuss (HFA)<\/p>\n\n\n\n<p>Monatg 12.07.2021, 20.00 &#8211; 22.00 Uhr: Stadtverordnetenversammlung<\/p>\n","protected":false},"excerpt":{"rendered":"<p>In den letzten Wochen haben wir flei\u00dfig an unseren ersten Antr\u00e4gen f\u00fcr aus unserer Sicht wichtige Ver\u00e4nderungen f\u00fcr Zierenberg gearbeitet. Im Juli 2021 geht es nun endlich los &#8211; wir&#8230; <\/p>\n","protected":false},"author":22,"featured_media":0,"comment_status":"closed","ping_status":"closed","sticky":false,"template":"","format":"standard","meta":{"ngg_post_thumbnail":0},"categories":[8],"tags":[20,16],"_links":{"self":[{"href":"http:\/\/gruene-lk-ks.de\/zierenberg\/wp-json\/wp\/v2\/posts\/155"}],"collection":[{"href":"http:\/\/gruene-lk-ks.de\/zierenberg\/wp-json\/wp\/v2\/posts"}],"about":[{"href":"http:\/\/gruene-lk-ks.de\/zierenberg\/wp-json\/wp\/v2\/types\/post"}],"author":[{"embeddable":true,"href":"http:\/\/gruene-lk-ks.de\/zierenberg\/wp-json\/wp\/v2\/users\/22"}],"replies":[{"embeddable":true,"href":"http:\/\/gruene-lk-ks.de\/zierenberg\/wp-json\/wp\/v2\/comments?post=155"}],"version-history":[{"count":3,"href":"http:\/\/gruene-lk-ks.de\/zierenberg\/wp-json\/wp\/v2\/posts\/155\/revisions"}],"predecessor-version":[{"id":158,"href":"http:\/\/gruene-lk-ks.de\/zierenberg\/wp-json\/wp\/v2\/posts\/155\/revisions\/158"}],"wp:attachment":[{"href":"http:\/\/gruene-lk-ks.de\/zierenberg\/wp-json\/wp\/v2\/media?parent=155"}],"wp:term":[{"taxonomy":"category","embeddable":true,"href":"http:\/\/gruene-lk-ks.de\/zierenberg\/wp-json\/wp\/v2\/categories?post=155"},{"taxonomy":"post_tag","embeddable":true,"href":"http:\/\/gruene-lk-ks.de\/zierenberg\/wp-json\/wp\/v2\/tags?post=155"}],"curies":[{"name":"wp","href":"https:\/\/api.w.org\/{rel}","templated":true}]}}