{"id":166,"date":"2021-08-01T11:48:00","date_gmt":"2021-08-01T09:48:00","guid":{"rendered":"http:\/\/gruene-lk-ks.de\/zierenberg\/?p=166"},"modified":"2024-08-16T05:46:57","modified_gmt":"2024-08-16T03:46:57","slug":"gruene-stellen-3-antraege-in-der-stavo","status":"publish","type":"post","link":"http:\/\/gruene-lk-ks.de\/zierenberg\/2021\/08\/01\/gruene-stellen-3-antraege-in-der-stavo\/","title":{"rendered":"GR\u00dcNE stellen 3 Antr\u00e4ge in der StaVo"},"content":{"rendered":"\n<p>Klimaschutzkonzept, E-Mobilit\u00e4tskonzept und Radwegeausbau als Gegenwartsthemen<\/p>\n\n\n\n<p>Die Fraktion B\u00fcndnis90\/Die Gr\u00fcnen hat am 12. Juli zur zweiten Stadtverordnetenversammlung der neuen Legislaturperiode drei Antr\u00e4ge gestellt. Zwei davon gemeinsam mit der Fraktion der SPD. Alle Antr\u00e4ge sind fraktions\u00fcbergreifen mehrheitlich beschlossen worden.<\/p>\n\n\n\n<p>Mit dem \u201egr\u00fcnen\u201c Antrag zur Vorbereitung eines Klimaschutzkonzepts wird der Magistrat damit beauftragt eine Bestandsaufnahme schon umgesetzter, aktuell laufender und noch notwendiger Ma\u00dfnahmen f\u00fcr den Klimaschutz zu machen. Ein kommunales Klimaschutzkonzept beinhaltet eine umfassende Bedarfsanalyse und bildet eine politisch beschlossene Grundlage f\u00fcr einen langfristig angelegten lokalen Klimaschutz. Es umfasst einen Zeitraum von 10 bis 15 Jahren und beinhaltet, welche M\u00f6glichkeiten zur Reduzierung der Treibhausgasemissionen bestehen. Es schafft f\u00fcr alle Beteiligten eine solide Grundlage f\u00fcr die Umsetzungsphase. Schwerpunkte sind \u00fcblicherweise der Ausbau der Erneuerbaren Energien und das Thema Energieeffizienz. Auch der Verkehrsbereich spielt in den Konzepten eine zentrale Rolle. Neben der Modernisierung von Stra\u00dfenbeleuchtungen, dem Bau von Fahrradwegen und der F\u00f6rderung des \u00f6ffentlichen Nahverkehrs soll der Ausbau der Elektromobilit\u00e4t hohe Priorit\u00e4t haben. Insbesondere ist bei der Umsetzung darauf zu achten Kinder und Jugendliche zu beteiligen.<\/p>\n\n\n\n<p>Gemeinsam mit der Fraktion der SPD wurden zwei weitere Antr\u00e4ge gestellt. Der Antrag zur Verbesserung des Radwegenetzes in und um Zierenberg wurde federf\u00fchrend von der SPD mit Unterst\u00fctzung der Gr\u00fcnen eingebracht, um laufenden und geplanten Ma\u00dfnahmen und die Wichtigkeit zur schnellen Umsetzung noch einmal Nachdruck zu verleihen.<\/p>\n\n\n\n<p>Der Antrag zur Vorbereitung der Erstellung eines E-Mobilit\u00e4tskonzepts wurde federf\u00fchrend von den Gr\u00fcnen mit Unterst\u00fctzung der SPD gestellt. Der Magistrat wird damit beauftragt Bedarfe, Standortfragen, F\u00f6rderm\u00f6glichkeiten und Zeitrahmen f\u00fcr die Umsetzung der Ma\u00dfnahmen zu erarbeiten. Bei der Umsetzung ist darauf zu achten ein gesamtheitliches Konzept f\u00fcr E-Fahrr\u00e4der und E-Autos zu erstellen.<\/p>\n","protected":false},"excerpt":{"rendered":"<p>Klimaschutzkonzept, E-Mobilit\u00e4tskonzept und Radwegeausbau als Gegenwartsthemen Die Fraktion B\u00fcndnis90\/Die Gr\u00fcnen hat am 12. Juli zur zweiten Stadtverordnetenversammlung der neuen Legislaturperiode drei Antr\u00e4ge gestellt. Zwei davon gemeinsam mit der Fraktion der&#8230; <\/p>\n","protected":false},"author":22,"featured_media":0,"comment_status":"closed","ping_status":"closed","sticky":false,"template":"","format":"standard","meta":{"ngg_post_thumbnail":0},"categories":[8],"tags":[25,16],"_links":{"self":[{"href":"http:\/\/gruene-lk-ks.de\/zierenberg\/wp-json\/wp\/v2\/posts\/166"}],"collection":[{"href":"http:\/\/gruene-lk-ks.de\/zierenberg\/wp-json\/wp\/v2\/posts"}],"about":[{"href":"http:\/\/gruene-lk-ks.de\/zierenberg\/wp-json\/wp\/v2\/types\/post"}],"author":[{"embeddable":true,"href":"http:\/\/gruene-lk-ks.de\/zierenberg\/wp-json\/wp\/v2\/users\/22"}],"replies":[{"embeddable":true,"href":"http:\/\/gruene-lk-ks.de\/zierenberg\/wp-json\/wp\/v2\/comments?post=166"}],"version-history":[{"count":2,"href":"http:\/\/gruene-lk-ks.de\/zierenberg\/wp-json\/wp\/v2\/posts\/166\/revisions"}],"predecessor-version":[{"id":168,"href":"http:\/\/gruene-lk-ks.de\/zierenberg\/wp-json\/wp\/v2\/posts\/166\/revisions\/168"}],"wp:attachment":[{"href":"http:\/\/gruene-lk-ks.de\/zierenberg\/wp-json\/wp\/v2\/media?parent=166"}],"wp:term":[{"taxonomy":"category","embeddable":true,"href":"http:\/\/gruene-lk-ks.de\/zierenberg\/wp-json\/wp\/v2\/categories?post=166"},{"taxonomy":"post_tag","embeddable":true,"href":"http:\/\/gruene-lk-ks.de\/zierenberg\/wp-json\/wp\/v2\/tags?post=166"}],"curies":[{"name":"wp","href":"https:\/\/api.w.org\/{rel}","templated":true}]}}