{"id":253,"date":"2023-06-18T12:40:37","date_gmt":"2023-06-18T10:40:37","guid":{"rendered":"http:\/\/gruene-lk-ks.de\/zierenberg\/?p=253"},"modified":"2024-08-16T05:45:30","modified_gmt":"2024-08-16T03:45:30","slug":"walspaziergang-zum-thema-waldschutz-in-zeiten-des-klimawandels","status":"publish","type":"post","link":"http:\/\/gruene-lk-ks.de\/zierenberg\/2023\/06\/18\/walspaziergang-zum-thema-waldschutz-in-zeiten-des-klimawandels\/","title":{"rendered":"Walspaziergang zum Thema &#8222;Waldschutz in Zeiten des Klimawandels&#8220;"},"content":{"rendered":"\n<p>Der Ortsverband B\u00fcndnis 90\/ Die Gr\u00fcnen Zierenberg l\u00e4dt am 30.06.2023 zu einem Waldspaziergang zum Thema \u201eWaldschutz in Zeiten des Klimawandels\u201c ein.<\/p>\n\n\n\n<p>Gemeinsam mit den Landtagsabgeordneten Vanessa Gronemann und Frank Diefenbach wollen wir \u00fcber die durch den Klimawandel entstandenen Problematiken wie Trockenheit, K\u00e4ferbefall, Sturmsch\u00e4den und Hitze sprechen und welche Ma\u00dfnahmen eine Verbesserung der Situation herbeif\u00fchren k\u00f6nnen.<\/p>\n\n\n\n<p>Wir starten um 16 Uhr an der Grillh\u00fctte in Oberelsungen und beenden die Runde dort auch wieder.<\/p>\n\n\n\n<p>Im Anschluss an den Waldspaziergang findet an der Grillh\u00fctte ein kleines Sommerfest der OV Gr\u00fcne Zierenberg statt. Interessierte B\u00fcrgerinnen und B\u00fcrger sind dazu herzlich eingeladen.<\/p>\n","protected":false},"excerpt":{"rendered":"<p>Der Ortsverband B\u00fcndnis 90\/ Die Gr\u00fcnen Zierenberg l\u00e4dt am 30.06.2023 zu einem Waldspaziergang zum Thema \u201eWaldschutz in Zeiten des Klimawandels\u201c ein. Gemeinsam mit den Landtagsabgeordneten Vanessa Gronemann und Frank Diefenbach&#8230; <\/p>\n","protected":false},"author":22,"featured_media":254,"comment_status":"closed","ping_status":"closed","sticky":false,"template":"","format":"standard","meta":{"ngg_post_thumbnail":0},"categories":[],"tags":[],"_links":{"self":[{"href":"http:\/\/gruene-lk-ks.de\/zierenberg\/wp-json\/wp\/v2\/posts\/253"}],"collection":[{"href":"http:\/\/gruene-lk-ks.de\/zierenberg\/wp-json\/wp\/v2\/posts"}],"about":[{"href":"http:\/\/gruene-lk-ks.de\/zierenberg\/wp-json\/wp\/v2\/types\/post"}],"author":[{"embeddable":true,"href":"http:\/\/gruene-lk-ks.de\/zierenberg\/wp-json\/wp\/v2\/users\/22"}],"replies":[{"embeddable":true,"href":"http:\/\/gruene-lk-ks.de\/zierenberg\/wp-json\/wp\/v2\/comments?post=253"}],"version-history":[{"count":1,"href":"http:\/\/gruene-lk-ks.de\/zierenberg\/wp-json\/wp\/v2\/posts\/253\/revisions"}],"predecessor-version":[{"id":255,"href":"http:\/\/gruene-lk-ks.de\/zierenberg\/wp-json\/wp\/v2\/posts\/253\/revisions\/255"}],"wp:featuredmedia":[{"embeddable":true,"href":"http:\/\/gruene-lk-ks.de\/zierenberg\/wp-json\/wp\/v2\/media\/254"}],"wp:attachment":[{"href":"http:\/\/gruene-lk-ks.de\/zierenberg\/wp-json\/wp\/v2\/media?parent=253"}],"wp:term":[{"taxonomy":"category","embeddable":true,"href":"http:\/\/gruene-lk-ks.de\/zierenberg\/wp-json\/wp\/v2\/categories?post=253"},{"taxonomy":"post_tag","embeddable":true,"href":"http:\/\/gruene-lk-ks.de\/zierenberg\/wp-json\/wp\/v2\/tags?post=253"}],"curies":[{"name":"wp","href":"https:\/\/api.w.org\/{rel}","templated":true}]}}