{"id":99,"date":"2021-01-31T11:54:31","date_gmt":"2021-01-31T10:54:31","guid":{"rendered":"http:\/\/gruene-lk-ks.de\/zierenberg\/?p=99"},"modified":"2021-01-31T12:05:13","modified_gmt":"2021-01-31T11:05:13","slug":"wahl-des-kreistags-kassel-land-2021","status":"publish","type":"post","link":"http:\/\/gruene-lk-ks.de\/zierenberg\/2021\/01\/31\/wahl-des-kreistags-kassel-land-2021\/","title":{"rendered":"Wahl des Kreistags Kassel-Land 2021"},"content":{"rendered":"\n<p><strong>Veranstaltungsreihe \u201eGR\u00dcNES Geschnuddel\u201c ist gestartet!<\/strong><\/p>\n\n\n\n<p>Am vergangenen Freitag, den 29. Januar 2021, wurde die erste Episode unseres digitalen Wahlkampfformates \u201eGR\u00dcNES Geschnuddel\u201c zum Thema \u201eStarke Demokratie vor Ort\u201c live auf YouTube ausgestrahlt.<\/p>\n\n\n\n<p>P\u00fcnktlich um 19:00 Uhr startete unsere <strong>Spitzenkandidatin <\/strong>f\u00fcr den Kreistag, <strong>Monika Woizeschke-Br\u00fcck<\/strong>, in ihrer Rolle als Moderatorin die Veranstaltungsreihe und erl\u00e4uterte zun\u00e4chst den Zuschauer*innen das neue Format. Sie erkl\u00e4rte wie man \u00fcber die \u201eChatfunktion\u201c Fragen und Meinungen in diese und die folgenden Diskussionsrunden einbringen k\u00f6nne und rief zur aktiven Beteiligung auf.<\/p>\n\n\n\n<p>Nach einer kurzen Vorstellung der Gespr\u00e4chsteilnehmer*innen stiegen <strong>Thomas Ackermann <\/strong>(Listenplatz 2), <strong>Juliane Kothe <\/strong>(Listenplatz 9) und unser GR\u00dcNER Experte aus Kassel, <strong>Boris Mijatovic<\/strong> (Mitglied im Landesvorstand der hessischen GR\u00dcNEN, Fraktionsvorsitzender der GR\u00dcNEN in der Stadtverordnetenversammlung Kassel, Kandidat auf Platz 8 der hessischen GR\u00dcNEN Liste zur Bundestagswahl) direkt ins Thema ein. Schnell entwickelte sich eine interessante Diskussion, Probleme wurden aufgezeigt und L\u00f6sungsans\u00e4tze pr\u00e4sentiert.<\/p>\n\n\n\n<p>So bedauertebeispielsweise<strong> Thomas Ackermann<\/strong>, dass f\u00fcr die Wahl des Ausl\u00e4nderbeirats in Fuldatal keine Wahlliste zustande kam und w\u00fcnschte sich zuk\u00fcnftig mehr aktive Beteiligung von B\u00fcrger*innen an politischen Prozessen. \u201eF\u00fcr den gesellschaftlichen Zusammenhalt ist es wichtig, neue Kommunikationsplattformen zu entwickeln und so einerseits die Schwelle f\u00fcr B\u00fcrgerbeteiligungen abzusenken, andererseits gew\u00e4hrleisten zu k\u00f6nnen, dass Politik nicht an den Interessen der Gesellschaft vorbeiarbeitet\u201c, forderte <strong>Juliane Kothe<\/strong>. Weiter sprach sie sich f\u00fcr eine Ausweitung der Schulsozialarbeit aus und forderte eine h\u00f6here Beteiligung des Landkreises. Durch Fragen der Zuschauer*innen aus dem YouTube-Chat entwickelte sich eine abwechslungsreiche und angeregte Diskussion. Unsere Spitzenkandidatin <strong>Monika Woizeschke-Br\u00fcck <\/strong>f\u00fchrtedie Diskutant*innen souver\u00e4n durch die unterschiedlichen Themenfelder und k\u00fcndigte abschlie\u00dfend die n\u00e4chste Folge unserer Reihe \u201eGR\u00dcNES Geschnuddel\u201c am kommenden Freitag, den 05. Februar, um 19:00 Uhr auf YouTube an. Wir haben ihr Interesse geweckt und nun w\u00fcrden Sie die verpasste Episode gerne sehen? Kein Problem. \u00dcber nachfolgenden Link gelangen sie auf unseren YouTube-Kanal.<\/p>\n\n\n\n<p><a href=\"https:\/\/www.youtube.com\/channel\/UCP9JLVpJNEnjUC4VP1nPwqA\">https:\/\/www.youtube.com\/channel\/UCP9JLVpJNEnjUC4VP1nPwqA<\/a><\/p>\n\n\n\n<p>Wir bieten ihnen die M\u00f6glichkeit sich die Aufzeichnung des \u201eGR\u00dcNEN Geschnuddel\u201c auch auf unserer Homepage (<a href=\"http:\/\/www.gruene-landkreis-kassel.de\">www.gruene-landkreis-kassel.de<\/a>) anzusehen. Hier finden sie ebenfalls im Voraus das Thema der w\u00f6chentlichen Episode sowie die Bekanntgabe der Gespr\u00e4chsteilnehmer*innen des Abends. Auf der Homepage finden sie au\u00dferdem weitere Informationen \u00fcber unsere GR\u00dcNEN Kandidat*innen f\u00fcr den Kreistag sowie das GR\u00dcNE Kreiswahlprogramm (direkter Link zum Wahlprogramm: <a href=\"https:\/\/gruenlink.de\/1wrq\">https:\/\/gruenlink.de\/1wrq<\/a>).<\/p>\n\n\n\n<p>Am kommenden Freitag um 19:00 Uhr findet live die zweite Episode des \u201eGR\u00dcNEN Geschnuddels\u201c zum Thema \u201eGesundheitliche Versorgung \u2013 nachhaltig sichern!\u201c statt. Wir w\u00fcrden uns freuen, wenn sie sich live hinzuschalten um mit uns zu diskutieren. Hierbei wird <strong>Thomas Ackermann<\/strong> (Listenplatz 2) als Moderator mit unserer GR\u00dcNEN Expertin <strong>Kordula Schulz-Asche<\/strong> (Mitglied des deutschen Bundestages, Sprecherin f\u00fcr Pflege und Altenpolitik der GR\u00dcNEN Bundestagsfraktion) sowie unseren Kandidat*innen f\u00fcr den Kreistag <strong>Katja Sch\u00f6ne<\/strong> (Listenplatz 5) und <strong>Thomas Gudehus<\/strong> (Listenplatz 6) \u00fcber die Herausforderungen und M\u00f6glichkeiten der Gesundheitsversorgung&nbsp; im Landkreis Kassel sprechen.<\/p>\n\n\n\n<p>Hinweise und Zugangsm\u00f6glichkeiten zum \u201eGR\u00dcNEN Geschnuddel\u201c finden sie auch \u00fcber unsere weiteren Sozialen Kan\u00e4le:<\/p>\n\n\n\n<p>Facebook: <a href=\"https:\/\/www.facebook.com\/gruene.kassel.land\">https:\/\/www.facebook.com\/gruene.kassel.land<\/a><\/p>\n\n\n\n<p>Instagramm: <a href=\"https:\/\/www.instagram.com\/gruene_lk_ks\/\">https:\/\/www.instagram.com\/gruene_lk_ks\/<\/a> <\/p>\n\n\n\n<p>Youtube: <a href=\"https:\/\/www.youtube.com\/channel\/UCP9JLVpJNEnjUC4VP1nPwqA\">https:\/\/www.youtube.com\/channel\/UCP9JLVpJNEnjUC4VP1nPwqA<\/a><\/p>\n","protected":false},"excerpt":{"rendered":"<p>Veranstaltungsreihe \u201eGR\u00dcNES Geschnuddel\u201c ist gestartet! Am vergangenen Freitag, den 29. Januar 2021, wurde die erste Episode unseres digitalen Wahlkampfformates \u201eGR\u00dcNES Geschnuddel\u201c zum Thema \u201eStarke Demokratie vor Ort\u201c live auf YouTube&#8230; <\/p>\n","protected":false},"author":22,"featured_media":100,"comment_status":"open","ping_status":"open","sticky":false,"template":"","format":"standard","meta":{"ngg_post_thumbnail":0},"categories":[8],"tags":[11],"_links":{"self":[{"href":"http:\/\/gruene-lk-ks.de\/zierenberg\/wp-json\/wp\/v2\/posts\/99"}],"collection":[{"href":"http:\/\/gruene-lk-ks.de\/zierenberg\/wp-json\/wp\/v2\/posts"}],"about":[{"href":"http:\/\/gruene-lk-ks.de\/zierenberg\/wp-json\/wp\/v2\/types\/post"}],"author":[{"embeddable":true,"href":"http:\/\/gruene-lk-ks.de\/zierenberg\/wp-json\/wp\/v2\/users\/22"}],"replies":[{"embeddable":true,"href":"http:\/\/gruene-lk-ks.de\/zierenberg\/wp-json\/wp\/v2\/comments?post=99"}],"version-history":[{"count":2,"href":"http:\/\/gruene-lk-ks.de\/zierenberg\/wp-json\/wp\/v2\/posts\/99\/revisions"}],"predecessor-version":[{"id":106,"href":"http:\/\/gruene-lk-ks.de\/zierenberg\/wp-json\/wp\/v2\/posts\/99\/revisions\/106"}],"wp:featuredmedia":[{"embeddable":true,"href":"http:\/\/gruene-lk-ks.de\/zierenberg\/wp-json\/wp\/v2\/media\/100"}],"wp:attachment":[{"href":"http:\/\/gruene-lk-ks.de\/zierenberg\/wp-json\/wp\/v2\/media?parent=99"}],"wp:term":[{"taxonomy":"category","embeddable":true,"href":"http:\/\/gruene-lk-ks.de\/zierenberg\/wp-json\/wp\/v2\/categories?post=99"},{"taxonomy":"post_tag","embeddable":true,"href":"http:\/\/gruene-lk-ks.de\/zierenberg\/wp-json\/wp\/v2\/tags?post=99"}],"curies":[{"name":"wp","href":"https:\/\/api.w.org\/{rel}","templated":true}]}}